{"id":98245,"date":"2021-09-01T09:57:34","date_gmt":"2021-09-01T12:57:34","guid":{"rendered":"https:\/\/eldiariodesanpedro.com.ar\/sitio\/?p=98245"},"modified":"2021-09-01T19:47:57","modified_gmt":"2021-09-01T22:47:57","slug":"hay-alerta-amarillo-por-tormentas-para-san-pedro-y-toda-la-provincia","status":"publish","type":"post","link":"https:\/\/eldiariodesanpedro.com.ar\/sitio\/hay-alerta-amarillo-por-tormentas-para-san-pedro-y-toda-la-provincia\/","title":{"rendered":"Hay alerta amarillo por tormentas para San Pedro y toda la provincia"},"content":{"rendered":"<!-- VideographyWP Plugin Message: Automatic video embedding prevented by plugin options. -->\n\n<p>El alerta amarillo por tormentas fuertes que emiti\u00f3 el SMN afecta a casi la totalidad de la Provincia. Mir\u00e1 qu\u00e9 ciudades quedan afuera.<\/p>\n\n\n\n<p>Este mi\u00e9rcoles el Servicio Meteorol\u00f3gico Nacional (SMN) volvi\u00f3 a emitir un nuevo\u00a0<strong>alerta\u00a0amarillo<\/strong>\u00a0por\u00a0tormentas\u00a0fuertes que afecta a todo el territorio bonaerense, a excepci\u00f3n de unas pocas ciudades.<\/p>\n\n\n\n<p>Tal como hab\u00eda anunciado el pron\u00f3stico, la jornada de hoy comenz\u00f3 con tormentas en gran parte de la provincia de Buenos Aires o, al menos, todo indica que las precipitaciones llegar\u00edan en las pr\u00f3ximas horas.<\/p>\n\n\n\n<p>Seg\u00fan precisaron desde el Sistema de Alerta Temprana del SMN, el \u00e1rea afectada por la advertencia que alcanza el nivel amarillo, registrar\u00e1 lluvias y tormentas fuertes, pudiendo estar acompa\u00f1adas de r\u00e1fagas, ca\u00edda de granizo, intensa actividad el\u00e9ctrica y abundante ca\u00edda de agua en cortos per\u00edodos.<\/p>\n\n\n\n<p>El organismo nacional adem\u00e1s detall\u00f3 que se esperan valores de precipitaci\u00f3n acumulada entre 40 y 70 mm., pudiendo ser superados de forma puntual.<\/p>\n\n\n\n<p>El mapa de las zonas afectadas se ve as\u00ed:<\/p>\n\n\n\n<figure class=\"wp-block-image size-large\"><img decoding=\"async\" width=\"821\" height=\"1024\" data-attachment-id=\"98246\" data-permalink=\"https:\/\/eldiariodesanpedro.com.ar\/sitio\/hay-alerta-amarillo-por-tormentas-para-san-pedro-y-toda-la-provincia\/screenshot_20210901-072630png\/\" data-orig-file=\"https:\/\/eldiariodesanpedro.com.ar\/sitio\/wp-content\/uploads\/2021\/09\/screenshot_20210901-072630png.png\" data-orig-size=\"887,1106\" data-comments-opened=\"0\" data-image-meta=\"{&quot;aperture&quot;:&quot;0&quot;,&quot;credit&quot;:&quot;&quot;,&quot;camera&quot;:&quot;&quot;,&quot;caption&quot;:&quot;&quot;,&quot;created_timestamp&quot;:&quot;0&quot;,&quot;copyright&quot;:&quot;&quot;,&quot;focal_length&quot;:&quot;0&quot;,&quot;iso&quot;:&quot;0&quot;,&quot;shutter_speed&quot;:&quot;0&quot;,&quot;title&quot;:&quot;&quot;,&quot;orientation&quot;:&quot;0&quot;}\" data-image-title=\"screenshot_20210901-072630png\" data-image-description=\"\" data-image-caption=\"\" data-large-file=\"https:\/\/eldiariodesanpedro.com.ar\/sitio\/wp-content\/uploads\/2021\/09\/screenshot_20210901-072630png-821x1024.png\" data-src=\"https:\/\/eldiariodesanpedro.com.ar\/sitio\/wp-content\/uploads\/2021\/09\/screenshot_20210901-072630png-821x1024.png\" alt=\"\" class=\"wp-image-98246 lazyload\" data-srcset=\"https:\/\/eldiariodesanpedro.com.ar\/sitio\/wp-content\/uploads\/2021\/09\/screenshot_20210901-072630png-821x1024.png 821w, https:\/\/eldiariodesanpedro.com.ar\/sitio\/wp-content\/uploads\/2021\/09\/screenshot_20210901-072630png-241x300.png 241w, https:\/\/eldiariodesanpedro.com.ar\/sitio\/wp-content\/uploads\/2021\/09\/screenshot_20210901-072630png-768x958.png 768w, https:\/\/eldiariodesanpedro.com.ar\/sitio\/wp-content\/uploads\/2021\/09\/screenshot_20210901-072630png.png 887w\" data-sizes=\"(max-width: 821px) 100vw, 821px\" src=\"data:image\/svg+xml;base64,PHN2ZyB3aWR0aD0iMSIgaGVpZ2h0PSIxIiB4bWxucz0iaHR0cDovL3d3dy53My5vcmcvMjAwMC9zdmciPjwvc3ZnPg==\" style=\"--smush-placeholder-width: 821px; --smush-placeholder-aspect-ratio: 821\/1024;\" \/><\/figure>\n\n\n\n<h3 class=\"wp-block-heading\">\u00bfQu\u00e9 hay que hacer cuando hay alerta amarillo?<\/h3>\n\n\n\n<p>Ante un alerta amarillo, el SMN recomienda:<br>1- No saques la basura. Retir\u00e1 objetos que impidan que el agua escurra.<br>2- Evit\u00e1 actividades al aire libre.<br>3- No te refugies cerca de \u00e1rboles y postes de electricidad que puedan caerse.<br>4- Para minimizar el riesgo de ser alcanzado por un rayo, no permanezcas en playas, r\u00edos, lagunas o piletas.<br>5- Estate atento ante la posible ca\u00edda de granizo.<br>6- Informate por las autoridades.Ten\u00e9 siempre lista una mochila de emergencias con linterna, radio, documentos y tel\u00e9fono.<\/p>\n","protected":false},"excerpt":{"rendered":"<p>El alerta amarillo por tormentas fuertes que emiti\u00f3 el SMN afecta a casi la totalidad de la Provincia. Mir\u00e1 qu\u00e9 ciudades quedan afuera. Este mi\u00e9rcoles el Servicio Meteorol\u00f3gico Nacional (SMN) volvi\u00f3 a emitir un nuevo\u00a0alerta\u00a0amarillo\u00a0por\u00a0tormentas\u00a0fuertes que afecta a todo el territorio bonaerense, a excepci\u00f3n de unas pocas ciudades. Tal como hab\u00eda anunciado el pron\u00f3stico, la [&hellip;]<\/p>\n","protected":false},"author":4,"featured_media":98247,"comment_status":"closed","ping_status":"closed","sticky":false,"template":"","format":"standard","meta":{"om_disable_all_campaigns":false,"_jetpack_memberships_contains_paid_content":false,"footnotes":""},"categories":[50,101,2],"tags":[],"class_list":["post-98245","post","type-post","status-publish","format-standard","has-post-thumbnail","hentry","category-destacadas","category-interes-general-locales","category-locales"],"aioseo_notices":[],"gutentor_comment":0,"jetpack_featured_media_url":"https:\/\/eldiariodesanpedro.com.ar\/sitio\/wp-content\/uploads\/2021\/09\/lluvia-paraguas-tormenta-clima-tiempojpeg.jpeg","jetpack_shortlink":"https:\/\/wp.me\/p6RhLt-pyB","jetpack_sharing_enabled":true,"_links":{"self":[{"href":"https:\/\/eldiariodesanpedro.com.ar\/sitio\/wp-json\/wp\/v2\/posts\/98245","targetHints":{"allow":["GET"]}}],"collection":[{"href":"https:\/\/eldiariodesanpedro.com.ar\/sitio\/wp-json\/wp\/v2\/posts"}],"about":[{"href":"https:\/\/eldiariodesanpedro.com.ar\/sitio\/wp-json\/wp\/v2\/types\/post"}],"author":[{"embeddable":true,"href":"https:\/\/eldiariodesanpedro.com.ar\/sitio\/wp-json\/wp\/v2\/users\/4"}],"replies":[{"embeddable":true,"href":"https:\/\/eldiariodesanpedro.com.ar\/sitio\/wp-json\/wp\/v2\/comments?post=98245"}],"version-history":[{"count":1,"href":"https:\/\/eldiariodesanpedro.com.ar\/sitio\/wp-json\/wp\/v2\/posts\/98245\/revisions"}],"predecessor-version":[{"id":98248,"href":"https:\/\/eldiariodesanpedro.com.ar\/sitio\/wp-json\/wp\/v2\/posts\/98245\/revisions\/98248"}],"wp:featuredmedia":[{"embeddable":true,"href":"https:\/\/eldiariodesanpedro.com.ar\/sitio\/wp-json\/wp\/v2\/media\/98247"}],"wp:attachment":[{"href":"https:\/\/eldiariodesanpedro.com.ar\/sitio\/wp-json\/wp\/v2\/media?parent=98245"}],"wp:term":[{"taxonomy":"category","embeddable":true,"href":"https:\/\/eldiariodesanpedro.com.ar\/sitio\/wp-json\/wp\/v2\/categories?post=98245"},{"taxonomy":"post_tag","embeddable":true,"href":"https:\/\/eldiariodesanpedro.com.ar\/sitio\/wp-json\/wp\/v2\/tags?post=98245"}],"curies":[{"name":"wp","href":"https:\/\/api.w.org\/{rel}","templated":true}]}}