{"id":98240,"date":"2021-09-01T09:45:04","date_gmt":"2021-09-01T12:45:04","guid":{"rendered":"https:\/\/eldiariodesanpedro.com.ar\/sitio\/?p=98240"},"modified":"2021-09-01T19:48:04","modified_gmt":"2021-09-01T22:48:04","slug":"mientras-combaten-los-incendios-en-las-islas-alertan-por-los-altos-niveles-de-contaminacion-del-aire","status":"publish","type":"post","link":"https:\/\/eldiariodesanpedro.com.ar\/sitio\/mientras-combaten-los-incendios-en-las-islas-alertan-por-los-altos-niveles-de-contaminacion-del-aire\/","title":{"rendered":"Mientras combaten los incendios en las islas, alertan por los altos niveles de contaminaci\u00f3n del aire"},"content":{"rendered":"<!-- VideographyWP Plugin Message: Automatic video embedding prevented by plugin options. -->\n\n<p>Defensa Civil trabaja en conjunto con Entre R\u00edos y Naci\u00f3n para mitigar focos en Santa Fe y San Nicol\u00e1s. Desde el Observatorio Ambiental de la UNR apuntan niveles que multiplican el m\u00e1ximo tolerable.<\/p>\n\n\n\n<p>Cerca de 70 brigadistas de Defensa Civil de Entre R\u00edos y de la Naci\u00f3n trabajan de manera incansable para mitigar los\u00a0<strong>incendios<\/strong>\u00a0activos simult\u00e1neos en la zona de islas frente a la ciudad de Santa Fe,\u00a0<strong>San Nicol\u00e1s<\/strong>\u00a0y Ramallo. La novedad es que en el dispositivo de la ciudad bonaerense demand\u00f3 otro avi\u00f3n hidrante por la magnitud del foco. Desde el Observatorio ambiental de la UNR alertaron acerca de los altos niveles de contaminaci\u00f3n en el ambiente y la devastaci\u00f3n de todo el ecosistema. En tanto, desde la Multisectorial\u00a0<strong>Humedales<\/strong>\u00a0y otras agrupaciones afines calificaron de<strong>\u00a0\u00ablamentable\u00bb\u00a0<\/strong>la situaci\u00f3n que est\u00e1 arrasando una vez m\u00e1s la flora y la fauna del Delta del Paran\u00e1.<\/p>\n\n\n\n<p>Luego de un fin de semana con<strong>&nbsp;\u00ablluvia de cenizas\u00bb<\/strong>&nbsp;y el aire viciado de humo t\u00f3xico en&nbsp;San Pedro,&nbsp;<strong>San Nicol\u00e1s, Villa Constituci\u00f3n, Rosario<\/strong>&nbsp;y otras ciudades de la regi\u00f3n a ra\u00edz de los incendios provocados por la mano del hombre, el titular de Defensa Civil, Roberto Rioja, coment\u00f3 a&nbsp;<strong>La Capital<\/strong>&nbsp;que a\u00fan se encontraban trabajando de manera simult\u00e1nea en dos operativos para mitigar los incendios a la altura de la ciudad capital y en San Nicol\u00e1s, donde a\u00fan arde gran cantidad de hect\u00e1reas producto de un incendio forestal de grandes proporciones.<\/p>\n\n\n\n<p>\u00abEstamos trabajando con brigadistas de Santa Fe, Entre R\u00edos y Naci\u00f3n para combatir los incendios en el centro de la provincia, sobre el departamento La Capital y otro en San Nicol\u00e1s,<strong>&nbsp;donde tuvimos que precisar de otro avi\u00f3n hidrante para atacar ese foco con mayor precisi\u00f3n\u00bb<\/strong>, dijo Rioja a la hora de graficar la magnitud del siniestro.<\/p>\n\n\n\n<p>En rigor, los operativos est\u00e1n compuestos por 35 brigadistas en cada dispositivo, con helic\u00f3pteros con helibalde y un avi\u00f3n hidrante -llegar\u00e1 otro m\u00e1s de Naci\u00f3n-, lo cual involucra a otras 15 personas. \u00abCalculamos que entre hoy y ma\u00f1ana podremos controlar el incendio en la zona del centro (Santa Fe), pero con el foco de&nbsp;<strong>San Nicol\u00e1s tendremos que seguir trabajando fuerte porque es m\u00e1s dif\u00edcil de controlar\u00bb<\/strong>, indic\u00f3 Rioja respecto al panorama de los incendios.<\/p>\n\n\n\n<h3 class=\"wp-block-heading\"><strong>Miles de hect\u00e1reas arrasadas<\/strong><\/h3>\n\n\n\n<p>\u00abLo que se vio durante este fin de semana en Rosario se deb\u00eda a un foco muy importante<strong>&nbsp;frente a Ramallo y San Nicol\u00e1s, donde se estaban quemando m\u00e1s de 1.700 hect\u00e1reas.<\/strong>&nbsp;Y como soplaba el viento sureste lleg\u00f3 a la ciudad. En ese momento hubo el doble de contaminaci\u00f3n ambiental de acuerdo a los niveles permitidos por la OMS (Organizaci\u00f3n Mundial de la Salud), mientras que en esas ciudades linderas a los focos el aire superaba ocho veces esos valores\u00bb, precis\u00f3 Mat\u00edas De Bueno, desde el Observatorio Ambiental de la Universidad Nacional de Rosario (UNR).<\/p>\n\n\n\n<p>\u00abEn los \u00faltimos d\u00edas, a la altura de San Nicol\u00e1s se desat\u00f3 un incendio muy importante que comenz\u00f3 con 70 hect\u00e1reas y pas\u00f3 a abarcar una dimensi\u00f3n de 6.500 y as\u00ed est\u00e1 en este momento, lo cual contamin\u00f3 el aire en ocho veces de acuerdo a los valores permitidos\u00bb, abund\u00f3 De Bueno para precisar que se quemaron un total de 7 mil hect\u00e1reas.<\/p>\n\n\n\n<figure class=\"wp-block-image size-large\"><img decoding=\"async\" width=\"1024\" height=\"683\" data-attachment-id=\"98243\" data-permalink=\"https:\/\/eldiariodesanpedro.com.ar\/sitio\/mientras-combaten-los-incendios-en-las-islas-alertan-por-los-altos-niveles-de-contaminacion-del-aire\/dsc_0124\/\" data-orig-file=\"https:\/\/eldiariodesanpedro.com.ar\/sitio\/wp-content\/uploads\/2021\/09\/DSC_0124-scaled.jpg\" data-orig-size=\"2560,1707\" data-comments-opened=\"0\" data-image-meta=\"{&quot;aperture&quot;:&quot;9&quot;,&quot;credit&quot;:&quot;&quot;,&quot;camera&quot;:&quot;NIKON D3400&quot;,&quot;caption&quot;:&quot;&quot;,&quot;created_timestamp&quot;:&quot;1625931094&quot;,&quot;copyright&quot;:&quot;&quot;,&quot;focal_length&quot;:&quot;45&quot;,&quot;iso&quot;:&quot;100&quot;,&quot;shutter_speed&quot;:&quot;0.003125&quot;,&quot;title&quot;:&quot;&quot;,&quot;orientation&quot;:&quot;1&quot;}\" data-image-title=\"DSC_0124\" data-image-description=\"\" data-image-caption=\"\" data-large-file=\"https:\/\/eldiariodesanpedro.com.ar\/sitio\/wp-content\/uploads\/2021\/09\/DSC_0124-1024x683.jpg\" data-src=\"https:\/\/eldiariodesanpedro.com.ar\/sitio\/wp-content\/uploads\/2021\/09\/DSC_0124-1024x683.jpg\" alt=\"\" class=\"wp-image-98243 lazyload\" data-srcset=\"https:\/\/eldiariodesanpedro.com.ar\/sitio\/wp-content\/uploads\/2021\/09\/DSC_0124-1024x683.jpg 1024w, https:\/\/eldiariodesanpedro.com.ar\/sitio\/wp-content\/uploads\/2021\/09\/DSC_0124-300x200.jpg 300w, https:\/\/eldiariodesanpedro.com.ar\/sitio\/wp-content\/uploads\/2021\/09\/DSC_0124-768x512.jpg 768w, https:\/\/eldiariodesanpedro.com.ar\/sitio\/wp-content\/uploads\/2021\/09\/DSC_0124-1536x1024.jpg 1536w, https:\/\/eldiariodesanpedro.com.ar\/sitio\/wp-content\/uploads\/2021\/09\/DSC_0124-2048x1365.jpg 2048w\" data-sizes=\"(max-width: 1024px) 100vw, 1024px\" src=\"data:image\/svg+xml;base64,PHN2ZyB3aWR0aD0iMSIgaGVpZ2h0PSIxIiB4bWxucz0iaHR0cDovL3d3dy53My5vcmcvMjAwMC9zdmciPjwvc3ZnPg==\" style=\"--smush-placeholder-width: 1024px; --smush-placeholder-aspect-ratio: 1024\/683;\" \/><\/figure>\n\n\n\n<figure class=\"wp-block-image size-large\"><img decoding=\"async\" width=\"1024\" height=\"683\" data-attachment-id=\"98242\" data-permalink=\"https:\/\/eldiariodesanpedro.com.ar\/sitio\/mientras-combaten-los-incendios-en-las-islas-alertan-por-los-altos-niveles-de-contaminacion-del-aire\/dsc_0121\/\" data-orig-file=\"https:\/\/eldiariodesanpedro.com.ar\/sitio\/wp-content\/uploads\/2021\/09\/DSC_0121-scaled.jpg\" data-orig-size=\"2560,1707\" data-comments-opened=\"0\" data-image-meta=\"{&quot;aperture&quot;:&quot;8&quot;,&quot;credit&quot;:&quot;&quot;,&quot;camera&quot;:&quot;NIKON D3400&quot;,&quot;caption&quot;:&quot;&quot;,&quot;created_timestamp&quot;:&quot;1625930708&quot;,&quot;copyright&quot;:&quot;&quot;,&quot;focal_length&quot;:&quot;85&quot;,&quot;iso&quot;:&quot;100&quot;,&quot;shutter_speed&quot;:&quot;0.002&quot;,&quot;title&quot;:&quot;&quot;,&quot;orientation&quot;:&quot;1&quot;}\" data-image-title=\"DSC_0121\" data-image-description=\"\" data-image-caption=\"\" data-large-file=\"https:\/\/eldiariodesanpedro.com.ar\/sitio\/wp-content\/uploads\/2021\/09\/DSC_0121-1024x683.jpg\" data-src=\"https:\/\/eldiariodesanpedro.com.ar\/sitio\/wp-content\/uploads\/2021\/09\/DSC_0121-1024x683.jpg\" alt=\"\" class=\"wp-image-98242 lazyload\" data-srcset=\"https:\/\/eldiariodesanpedro.com.ar\/sitio\/wp-content\/uploads\/2021\/09\/DSC_0121-1024x683.jpg 1024w, https:\/\/eldiariodesanpedro.com.ar\/sitio\/wp-content\/uploads\/2021\/09\/DSC_0121-300x200.jpg 300w, https:\/\/eldiariodesanpedro.com.ar\/sitio\/wp-content\/uploads\/2021\/09\/DSC_0121-768x512.jpg 768w, https:\/\/eldiariodesanpedro.com.ar\/sitio\/wp-content\/uploads\/2021\/09\/DSC_0121-1536x1024.jpg 1536w, https:\/\/eldiariodesanpedro.com.ar\/sitio\/wp-content\/uploads\/2021\/09\/DSC_0121-2048x1365.jpg 2048w\" data-sizes=\"(max-width: 1024px) 100vw, 1024px\" src=\"data:image\/svg+xml;base64,PHN2ZyB3aWR0aD0iMSIgaGVpZ2h0PSIxIiB4bWxucz0iaHR0cDovL3d3dy53My5vcmcvMjAwMC9zdmciPjwvc3ZnPg==\" style=\"--smush-placeholder-width: 1024px; --smush-placeholder-aspect-ratio: 1024\/683;\" \/><\/figure>\n","protected":false},"excerpt":{"rendered":"<p>Defensa Civil trabaja en conjunto con Entre R\u00edos y Naci\u00f3n para mitigar focos en Santa Fe y San Nicol\u00e1s. Desde el Observatorio Ambiental de la UNR apuntan niveles que multiplican el m\u00e1ximo tolerable. Cerca de 70 brigadistas de Defensa Civil de Entre R\u00edos y de la Naci\u00f3n trabajan de manera incansable para mitigar los\u00a0incendios\u00a0activos simult\u00e1neos [&hellip;]<\/p>\n","protected":false},"author":4,"featured_media":98241,"comment_status":"closed","ping_status":"closed","sticky":false,"template":"","format":"standard","meta":{"om_disable_all_campaigns":false,"_jetpack_memberships_contains_paid_content":false,"footnotes":""},"categories":[50,101,2],"tags":[],"class_list":["post-98240","post","type-post","status-publish","format-standard","has-post-thumbnail","hentry","category-destacadas","category-interes-general-locales","category-locales"],"aioseo_notices":[],"gutentor_comment":0,"jetpack_featured_media_url":"https:\/\/eldiariodesanpedro.com.ar\/sitio\/wp-content\/uploads\/2021\/09\/DSC_0120-scaled.jpg","jetpack_shortlink":"https:\/\/wp.me\/p6RhLt-pyw","jetpack_sharing_enabled":true,"_links":{"self":[{"href":"https:\/\/eldiariodesanpedro.com.ar\/sitio\/wp-json\/wp\/v2\/posts\/98240","targetHints":{"allow":["GET"]}}],"collection":[{"href":"https:\/\/eldiariodesanpedro.com.ar\/sitio\/wp-json\/wp\/v2\/posts"}],"about":[{"href":"https:\/\/eldiariodesanpedro.com.ar\/sitio\/wp-json\/wp\/v2\/types\/post"}],"author":[{"embeddable":true,"href":"https:\/\/eldiariodesanpedro.com.ar\/sitio\/wp-json\/wp\/v2\/users\/4"}],"replies":[{"embeddable":true,"href":"https:\/\/eldiariodesanpedro.com.ar\/sitio\/wp-json\/wp\/v2\/comments?post=98240"}],"version-history":[{"count":1,"href":"https:\/\/eldiariodesanpedro.com.ar\/sitio\/wp-json\/wp\/v2\/posts\/98240\/revisions"}],"predecessor-version":[{"id":98244,"href":"https:\/\/eldiariodesanpedro.com.ar\/sitio\/wp-json\/wp\/v2\/posts\/98240\/revisions\/98244"}],"wp:featuredmedia":[{"embeddable":true,"href":"https:\/\/eldiariodesanpedro.com.ar\/sitio\/wp-json\/wp\/v2\/media\/98241"}],"wp:attachment":[{"href":"https:\/\/eldiariodesanpedro.com.ar\/sitio\/wp-json\/wp\/v2\/media?parent=98240"}],"wp:term":[{"taxonomy":"category","embeddable":true,"href":"https:\/\/eldiariodesanpedro.com.ar\/sitio\/wp-json\/wp\/v2\/categories?post=98240"},{"taxonomy":"post_tag","embeddable":true,"href":"https:\/\/eldiariodesanpedro.com.ar\/sitio\/wp-json\/wp\/v2\/tags?post=98240"}],"curies":[{"name":"wp","href":"https:\/\/api.w.org\/{rel}","templated":true}]}}