{"id":98230,"date":"2021-08-31T13:55:03","date_gmt":"2021-08-31T16:55:03","guid":{"rendered":"https:\/\/eldiariodesanpedro.com.ar\/sitio\/?p=98230"},"modified":"2021-09-01T19:44:52","modified_gmt":"2021-09-01T22:44:52","slug":"monica-garnelo-ya-se-encuentra-en-su-casa-con-buen-estado-de-salud-y-agradecio-a-la-comunidad-por-el-apoyo","status":"publish","type":"post","link":"https:\/\/eldiariodesanpedro.com.ar\/sitio\/monica-garnelo-ya-se-encuentra-en-su-casa-con-buen-estado-de-salud-y-agradecio-a-la-comunidad-por-el-apoyo\/","title":{"rendered":"Monica Garnelo ya se encuentra en su casa con buen estado de salud y agradeci\u00f3 a la comunidad por el apoyo"},"content":{"rendered":"<!-- VideographyWP Plugin Message: Automatic video embedding prevented by plugin options. -->\n\n<p>En la jornada de hoy Monica Garnelo quien fue v\u00edctima de intento de femicidio hace unas a semanas atr\u00e1s cuando su ex pareja entr\u00f3 por una ventana para atacar con un cuchillo poniendo en riesgo su vida.<\/p>\n\n\n\n<p>A traves de su cuenta de Facebook Monica agradecio a la comunidad y al gabinete del intendete Salazar. <\/p>\n\n\n\n<p><em>Ya en casa recuperandome de a poquito,Quiero agradecer a todos los que me acompa\u00f1aron en este momento de alguna forma u otra,a mi Familia,Amigos,conocidos y a toda la gente que rezo x mi,a toda la gente del hospital que recib\u00ed la mejor atenci\u00f3n de parte de todos ellos,al se\u00f1or Intendente <a href=\"https:\/\/www.facebook.com\/cecilio.salazar.927?__cft__[0]=AZUq247UeYMqiUwelem7ebmKEt9upMr3kh0MGqcU8q7jMMxxPKh94ufVXmwjgpf_ZfJfNS2vGmMvxlyPj6boj0ariQ36O4Nh2SMSjjUFc3utY8DyvP4JlEKbjzanffJ1dg0&amp;__tn__=-]K-R\">CecilioSalazar<\/a> al Se\u00f1or <a href=\"https:\/\/www.facebook.com\/ramonsalazarsp?__cft__[0]=AZUq247UeYMqiUwelem7ebmKEt9upMr3kh0MGqcU8q7jMMxxPKh94ufVXmwjgpf_ZfJfNS2vGmMvxlyPj6boj0ariQ36O4Nh2SMSjjUFc3utY8DyvP4JlEKbjzanffJ1dg0&amp;__tn__=-]K-R\">Ram\u00f3nSalazarsp<\/a> a la se\u00f1ora <a href=\"https:\/\/www.facebook.com\/laura.monfasani.7?__cft__[0]=AZUq247UeYMqiUwelem7ebmKEt9upMr3kh0MGqcU8q7jMMxxPKh94ufVXmwjgpf_ZfJfNS2vGmMvxlyPj6boj0ariQ36O4Nh2SMSjjUFc3utY8DyvP4JlEKbjzanffJ1dg0&amp;__tn__=-]K-R\">LauraMonfasani<\/a> y todo su equipo que estuvieron de un principio acompa\u00f1ando a mi Familia,a todos mil gracias x todo no me alcanzan las palabras para agradecerles a cada uno,soy una agradecida de la vida,que hoy puedo contar lo que me pas\u00f3 y no como otras mujeres que desgraciadamente perdieron la vida en manos de unos cobardes,simplemente Gracias<img decoding=\"async\" height=\"16\" width=\"16\" alt=\"&#x2764;\" data-src=\"https:\/\/static.xx.fbcdn.net\/images\/emoji.php\/v9\/t6c\/1\/16\/2764.png\" src=\"data:image\/svg+xml;base64,PHN2ZyB3aWR0aD0iMSIgaGVpZ2h0PSIxIiB4bWxucz0iaHR0cDovL3d3dy53My5vcmcvMjAwMC9zdmciPjwvc3ZnPg==\" class=\"lazyload\" style=\"--smush-placeholder-width: 16px; --smush-placeholder-aspect-ratio: 16\/16;\"><a href=\"https:\/\/www.facebook.com\/hashtag\/niunamenosporfavor?__eep__=6&amp;__cft__[0]=AZUq247UeYMqiUwelem7ebmKEt9upMr3kh0MGqcU8q7jMMxxPKh94ufVXmwjgpf_ZfJfNS2vGmMvxlyPj6boj0ariQ36O4Nh2SMSjjUFc3utY8DyvP4JlEKbjzanffJ1dg0&amp;__tn__=*NK-R\">#NiUnaMenosPorFavor<\/a><img decoding=\"async\" height=\"16\" width=\"16\" alt=\"&#x1f49c;\" data-src=\"https:\/\/static.xx.fbcdn.net\/images\/emoji.php\/v9\/t96\/1\/16\/1f49c.png\" src=\"data:image\/svg+xml;base64,PHN2ZyB3aWR0aD0iMSIgaGVpZ2h0PSIxIiB4bWxucz0iaHR0cDovL3d3dy53My5vcmcvMjAwMC9zdmciPjwvc3ZnPg==\" class=\"lazyload\" style=\"--smush-placeholder-width: 16px; --smush-placeholder-aspect-ratio: 16\/16;\"><\/em><\/p>\n","protected":false},"excerpt":{"rendered":"<p>En la jornada de hoy Monica Garnelo quien fue v\u00edctima de intento de femicidio hace unas a semanas atr\u00e1s cuando su ex pareja entr\u00f3 por una ventana para atacar con un cuchillo poniendo en riesgo su vida. A traves de su cuenta de Facebook Monica agradecio a la comunidad y al gabinete del intendete Salazar. [&hellip;]<\/p>\n","protected":false},"author":4,"featured_media":98231,"comment_status":"closed","ping_status":"closed","sticky":false,"template":"","format":"standard","meta":{"om_disable_all_campaigns":false,"_jetpack_memberships_contains_paid_content":false,"footnotes":""},"categories":[50,101,2],"tags":[],"class_list":["post-98230","post","type-post","status-publish","format-standard","has-post-thumbnail","hentry","category-destacadas","category-interes-general-locales","category-locales"],"aioseo_notices":[],"gutentor_comment":0,"jetpack_featured_media_url":"https:\/\/eldiariodesanpedro.com.ar\/sitio\/wp-content\/uploads\/2021\/08\/Sin-titulo-1-1.jpg","jetpack_shortlink":"https:\/\/wp.me\/p6RhLt-pym","jetpack_sharing_enabled":true,"_links":{"self":[{"href":"https:\/\/eldiariodesanpedro.com.ar\/sitio\/wp-json\/wp\/v2\/posts\/98230","targetHints":{"allow":["GET"]}}],"collection":[{"href":"https:\/\/eldiariodesanpedro.com.ar\/sitio\/wp-json\/wp\/v2\/posts"}],"about":[{"href":"https:\/\/eldiariodesanpedro.com.ar\/sitio\/wp-json\/wp\/v2\/types\/post"}],"author":[{"embeddable":true,"href":"https:\/\/eldiariodesanpedro.com.ar\/sitio\/wp-json\/wp\/v2\/users\/4"}],"replies":[{"embeddable":true,"href":"https:\/\/eldiariodesanpedro.com.ar\/sitio\/wp-json\/wp\/v2\/comments?post=98230"}],"version-history":[{"count":1,"href":"https:\/\/eldiariodesanpedro.com.ar\/sitio\/wp-json\/wp\/v2\/posts\/98230\/revisions"}],"predecessor-version":[{"id":98232,"href":"https:\/\/eldiariodesanpedro.com.ar\/sitio\/wp-json\/wp\/v2\/posts\/98230\/revisions\/98232"}],"wp:featuredmedia":[{"embeddable":true,"href":"https:\/\/eldiariodesanpedro.com.ar\/sitio\/wp-json\/wp\/v2\/media\/98231"}],"wp:attachment":[{"href":"https:\/\/eldiariodesanpedro.com.ar\/sitio\/wp-json\/wp\/v2\/media?parent=98230"}],"wp:term":[{"taxonomy":"category","embeddable":true,"href":"https:\/\/eldiariodesanpedro.com.ar\/sitio\/wp-json\/wp\/v2\/categories?post=98230"},{"taxonomy":"post_tag","embeddable":true,"href":"https:\/\/eldiariodesanpedro.com.ar\/sitio\/wp-json\/wp\/v2\/tags?post=98230"}],"curies":[{"name":"wp","href":"https:\/\/api.w.org\/{rel}","templated":true}]}}