{"id":9822,"date":"2016-11-06T20:33:33","date_gmt":"2016-11-06T23:33:33","guid":{"rendered":"https:\/\/eldiariodesanpedro.com.ar\/sitio\/?p=9822"},"modified":"2016-11-06T20:33:33","modified_gmt":"2016-11-06T23:33:33","slug":"zarate-falsas-denuncias-de-secuestros-o-desapariciones-de-menores","status":"publish","type":"post","link":"https:\/\/eldiariodesanpedro.com.ar\/sitio\/zarate-falsas-denuncias-de-secuestros-o-desapariciones-de-menores\/","title":{"rendered":"Z\u00e1rate: Falsas denuncias de secuestros o desapariciones de menores"},"content":{"rendered":"<p><!-- VideographyWP Plugin Message: Automatic video embedding prevented by plugin options. --><br \/>\nUna foto de un ni\u00f1o, la voz de una mujer que dec\u00eda ser esposa del amigo del supuesto padre, y una historia que infund\u00eda miedo: un ni\u00f1o hab\u00eda sido robado de un jard\u00edn de infantes.<\/p>\n<p>La noticia se viraliz\u00f3 de inmediato. Primero, fue en el barrio Santa Florentina. Luego, en Las Acacias, despu\u00e9s en Z\u00e1rate. M\u00e1s tarde, apareci\u00f3 el auto oscuro que aparentemente lo hab\u00eda secuestrado.<\/p>\n<p>Los datos segu\u00edan amonton\u00e1ndose, pero las certezas quedaban atr\u00e1s, superadas ampliamente por la psicosis colectiva que se esparci\u00f3 como un virus. <\/p>\n<p>Sin embargo, las fuerzas de seguridad desmintieron el hecho asegurando que no hubo denuncia, ni siquiera un llamado telef\u00f3nico que alertara al respecto.<\/p>\n<p>Se desconocen cu\u00e1les ser\u00e1n las intenciones de tama\u00f1a \u201cbroma\u201d, lo cierto es que expertos recomiendan no difundir este tipo de informaci\u00f3n a menos que sea de fuente certera y cuyos datos sean verificables. Ante este tipo de situaciones, lo primero que siempre se debe hacer es alertar a la Polic\u00eda. <\/p>\n","protected":false},"excerpt":{"rendered":"<p>Una foto de un ni\u00f1o, la voz de una mujer que dec\u00eda ser esposa del amigo del supuesto padre, y una historia que infund\u00eda miedo: un ni\u00f1o hab\u00eda sido robado de un jard\u00edn de infantes. La noticia se viraliz\u00f3 de inmediato. Primero, fue en el barrio Santa Florentina. Luego, en Las Acacias, despu\u00e9s en Z\u00e1rate. [&hellip;]<\/p>\n","protected":false},"author":4,"featured_media":5030,"comment_status":"open","ping_status":"closed","sticky":false,"template":"","format":"standard","meta":{"om_disable_all_campaigns":false,"_jetpack_memberships_contains_paid_content":false,"footnotes":""},"categories":[621],"tags":[],"class_list":["post-9822","post","type-post","status-publish","format-standard","has-post-thumbnail","hentry","category-regionales"],"aioseo_notices":[],"gutentor_comment":0,"jetpack_featured_media_url":"https:\/\/eldiariodesanpedro.com.ar\/sitio\/wp-content\/uploads\/2016\/06\/polica-cientfica.jpg","jetpack_shortlink":"https:\/\/wp.me\/p6RhLt-2yq","jetpack_sharing_enabled":true,"_links":{"self":[{"href":"https:\/\/eldiariodesanpedro.com.ar\/sitio\/wp-json\/wp\/v2\/posts\/9822","targetHints":{"allow":["GET"]}}],"collection":[{"href":"https:\/\/eldiariodesanpedro.com.ar\/sitio\/wp-json\/wp\/v2\/posts"}],"about":[{"href":"https:\/\/eldiariodesanpedro.com.ar\/sitio\/wp-json\/wp\/v2\/types\/post"}],"author":[{"embeddable":true,"href":"https:\/\/eldiariodesanpedro.com.ar\/sitio\/wp-json\/wp\/v2\/users\/4"}],"replies":[{"embeddable":true,"href":"https:\/\/eldiariodesanpedro.com.ar\/sitio\/wp-json\/wp\/v2\/comments?post=9822"}],"version-history":[{"count":2,"href":"https:\/\/eldiariodesanpedro.com.ar\/sitio\/wp-json\/wp\/v2\/posts\/9822\/revisions"}],"predecessor-version":[{"id":9824,"href":"https:\/\/eldiariodesanpedro.com.ar\/sitio\/wp-json\/wp\/v2\/posts\/9822\/revisions\/9824"}],"wp:featuredmedia":[{"embeddable":true,"href":"https:\/\/eldiariodesanpedro.com.ar\/sitio\/wp-json\/wp\/v2\/media\/5030"}],"wp:attachment":[{"href":"https:\/\/eldiariodesanpedro.com.ar\/sitio\/wp-json\/wp\/v2\/media?parent=9822"}],"wp:term":[{"taxonomy":"category","embeddable":true,"href":"https:\/\/eldiariodesanpedro.com.ar\/sitio\/wp-json\/wp\/v2\/categories?post=9822"},{"taxonomy":"post_tag","embeddable":true,"href":"https:\/\/eldiariodesanpedro.com.ar\/sitio\/wp-json\/wp\/v2\/tags?post=9822"}],"curies":[{"name":"wp","href":"https:\/\/api.w.org\/{rel}","templated":true}]}}