{"id":98218,"date":"2021-08-31T12:22:06","date_gmt":"2021-08-31T15:22:06","guid":{"rendered":"https:\/\/eldiariodesanpedro.com.ar\/sitio\/?p=98218"},"modified":"2021-08-31T12:22:11","modified_gmt":"2021-08-31T15:22:11","slug":"presencialidad-plena-a-partir-de-manana-como-sera-el-regreso-total-a-las-aulas-en-la-provincia","status":"publish","type":"post","link":"https:\/\/eldiariodesanpedro.com.ar\/sitio\/presencialidad-plena-a-partir-de-manana-como-sera-el-regreso-total-a-las-aulas-en-la-provincia\/","title":{"rendered":"Presencialidad plena a partir de ma\u00f1ana: c\u00f3mo ser\u00e1 el regreso total a las aulas en la Provincia"},"content":{"rendered":"<!-- VideographyWP Plugin Message: Automatic video embedding prevented by plugin options. -->\n\n<p>Ser\u00e1 a partir del 1\u00b0 de septiembre, en l\u00ednea con lo definido por el Consejo Federal de Educaci\u00f3n ante el descenso de casos y el avance de la campa\u00f1a de vacunaci\u00f3n.<\/p>\n\n\n\n<p>La Direcci\u00f3n General de Cultura y Educaci\u00f3n de la Provincia anunci\u00f3 el inicio de la nueva etapa de presencialidad plena en las escuelas bonaerenses a partir del 1\u00b0 de septiembre, en l\u00ednea con lo acordado en el Consejo Federal de Educaci\u00f3n.&nbsp;<\/p>\n\n\n\n<p>En este sentido, se estableci\u00f3 que el distanciamiento social de referencia dentro del aula pasar\u00e1 de 1,5 metros a 90 cent\u00edmetros. \u201cEn los casos excepcionales donde no se pueda cumplir con la distancia de referencia se procurar\u00e1 mantener siempre la m\u00e1xima distancia posible entre estudiantes debiendo respetarse en todos los casos un aforo de 1 metro cuadrado por persona y se reforzar\u00e1n las medidas de cuidado a partir de una estrategia de vigilancia epidemiol\u00f3gica activa en las escuelas para la detecci\u00f3n de casos asintom\u00e1ticos que comprender\u00e1 tanto a trabajadoras y trabajadores de la educaci\u00f3n como a estudiantes\u201d, aclararon.&nbsp;<\/p>\n\n\n\n<p>De esta forma, cada semana se realizar\u00e1 en esos establecimientos educativos un testeo muestral con un procedimiento no invasivo y de resultado inmediato para el que se requerir\u00e1 el previo consentimiento informado de las personas adultas responsables de cada estudiante.&nbsp;<\/p>\n\n\n\n<p>Por otra parte, esos establecimientos educativos deber\u00e1n mantener la adecuada ventilaci\u00f3n de las aulas, para lo cual ser\u00e1 fundamental el uso de medidores de di\u00f3xido de carbono. Tambi\u00e9n contar\u00e1n con fondos disponibles para adquirir tapabocas con la composici\u00f3n de capas y el ajuste adecuado, posibilitando una mayor protecci\u00f3n a las y los estudiantes que lo requieran.&nbsp;<\/p>\n\n\n\n<p>\u201cEl conjunto del sistema educativo bonaerense y, en especial, quienes cotidianamente habitan las instituciones educativas, demuestran cada d\u00eda un enorme compromiso con el cumplimiento de las pautas de cuidado contribuyendo para que las escuelas sean un lugar seguro para la mitigaci\u00f3n de riesgos\u201d, sostuvo la titular de la cartera educativa de la provincia, Agustina Vila.<\/p>\n\n\n\n<p>Y a\u00f1adi\u00f3: \u201cLa mejora en los indicadores epidemiol\u00f3gicos junto al avance en la campa\u00f1a de vacunaci\u00f3n nos permiten aplicar en forma responsable nuevas instancias que contin\u00faen fortaleciendo la presencia cuidada en las aulas y garantizando el derecho social a la Educaci\u00f3n y a la Salud\u201d.<\/p>\n\n\n\n<p>Desde Educaci\u00f3n, en este sentido, reiteraron que contin\u00faa siendo obligatorio el uso de tapaboca por parte de la comunidad educativa durante toda la jornada, la ventilaci\u00f3n adecuada permanente de las aulas y espacios comunes, la distancia m\u00ednima de dos metros con las y los docentes, la higiene personal y la limpieza y desinfecci\u00f3n de los espacios f\u00edsicos, el ingreso y egreso escalonado y la distancia de dos metros entre los diferentes grupos de estudiantes en los espacios comunes.&nbsp;<\/p>\n\n\n\n<p>Asimismo, se\u00f1alaron que la actualizaci\u00f3n del distanciamiento social de referencia dentro del aula tendr\u00e1 vigencia siempre que se mantenga la situaci\u00f3n epidemiol\u00f3gica actual.<\/p>\n\n\n\n<p>Funete: <a href=\"https:\/\/www.latecla.info\/124164-presencialidad-plena-como-sera-el-regreso-total-a-las-a\">La Tecla<\/a><\/p>\n","protected":false},"excerpt":{"rendered":"<p>Ser\u00e1 a partir del 1\u00b0 de septiembre, en l\u00ednea con lo definido por el Consejo Federal de Educaci\u00f3n ante el descenso de casos y el avance de la campa\u00f1a de vacunaci\u00f3n. La Direcci\u00f3n General de Cultura y Educaci\u00f3n de la Provincia anunci\u00f3 el inicio de la nueva etapa de presencialidad plena en las escuelas bonaerenses [&hellip;]<\/p>\n","protected":false},"author":4,"featured_media":98219,"comment_status":"closed","ping_status":"closed","sticky":false,"template":"","format":"standard","meta":{"om_disable_all_campaigns":false,"_jetpack_memberships_contains_paid_content":false,"footnotes":""},"categories":[621],"tags":[],"class_list":["post-98218","post","type-post","status-publish","format-standard","has-post-thumbnail","hentry","category-regionales"],"aioseo_notices":[],"gutentor_comment":0,"jetpack_featured_media_url":"https:\/\/eldiariodesanpedro.com.ar\/sitio\/wp-content\/uploads\/2021\/08\/clases-1.jpg","jetpack_shortlink":"https:\/\/wp.me\/p6RhLt-pya","jetpack_sharing_enabled":true,"_links":{"self":[{"href":"https:\/\/eldiariodesanpedro.com.ar\/sitio\/wp-json\/wp\/v2\/posts\/98218","targetHints":{"allow":["GET"]}}],"collection":[{"href":"https:\/\/eldiariodesanpedro.com.ar\/sitio\/wp-json\/wp\/v2\/posts"}],"about":[{"href":"https:\/\/eldiariodesanpedro.com.ar\/sitio\/wp-json\/wp\/v2\/types\/post"}],"author":[{"embeddable":true,"href":"https:\/\/eldiariodesanpedro.com.ar\/sitio\/wp-json\/wp\/v2\/users\/4"}],"replies":[{"embeddable":true,"href":"https:\/\/eldiariodesanpedro.com.ar\/sitio\/wp-json\/wp\/v2\/comments?post=98218"}],"version-history":[{"count":1,"href":"https:\/\/eldiariodesanpedro.com.ar\/sitio\/wp-json\/wp\/v2\/posts\/98218\/revisions"}],"predecessor-version":[{"id":98220,"href":"https:\/\/eldiariodesanpedro.com.ar\/sitio\/wp-json\/wp\/v2\/posts\/98218\/revisions\/98220"}],"wp:featuredmedia":[{"embeddable":true,"href":"https:\/\/eldiariodesanpedro.com.ar\/sitio\/wp-json\/wp\/v2\/media\/98219"}],"wp:attachment":[{"href":"https:\/\/eldiariodesanpedro.com.ar\/sitio\/wp-json\/wp\/v2\/media?parent=98218"}],"wp:term":[{"taxonomy":"category","embeddable":true,"href":"https:\/\/eldiariodesanpedro.com.ar\/sitio\/wp-json\/wp\/v2\/categories?post=98218"},{"taxonomy":"post_tag","embeddable":true,"href":"https:\/\/eldiariodesanpedro.com.ar\/sitio\/wp-json\/wp\/v2\/tags?post=98218"}],"curies":[{"name":"wp","href":"https:\/\/api.w.org\/{rel}","templated":true}]}}