{"id":98216,"date":"2021-08-31T12:13:25","date_gmt":"2021-08-31T15:13:25","guid":{"rendered":"https:\/\/eldiariodesanpedro.com.ar\/sitio\/?p=98216"},"modified":"2021-08-31T12:13:29","modified_gmt":"2021-08-31T15:13:29","slug":"la-provincia-habilito-el-regreso-del-turismo-de-reuniones-2","status":"publish","type":"post","link":"https:\/\/eldiariodesanpedro.com.ar\/sitio\/la-provincia-habilito-el-regreso-del-turismo-de-reuniones-2\/","title":{"rendered":"La Provincia habilit\u00f3 el regreso del turismo de reuniones"},"content":{"rendered":"<!-- VideographyWP Plugin Message: Automatic video embedding prevented by plugin options. -->\n\n<p>El Gobierno finalmente vio luz verde para habilitar la vuelta del turismo de reuniones en la provincia de Buenos Aires.<\/p>\n\n\n\n<p>El Gobierno de la&nbsp;<strong>provincia&nbsp;de Buenos Aires&nbsp;<\/strong>contin\u00faa en pleno avance de las aperturas de actividades al tiempo que se profundiza la campa\u00f1a de vacunaci\u00f3n y el descenso de contagios de coronavirus. En ese aspecto, este martes anunci\u00f3 el regreso del turismo de reuniones que se lleven a cabo en hoteles y salones amplios.<\/p>\n\n\n\n<p>En conferencia de prensa, el jefe de Gabinete bonaerense Carlos Bianco habl\u00f3 sobre el&nbsp;<strong>turismo<\/strong>&nbsp;en general y la calific\u00f3 como \u00abuna actividad que hab\u00eda sido de las m\u00e1s golpeadas. Estamos en niveles de casos pre primera ola y eso nos permite hacer nuevas aperturas\u00bb.<\/p>\n\n\n\n<p>\u00abHabilitamos lo que se conoce como turismo de&nbsp;<strong>reuniones:<\/strong>&nbsp;exposiciones, congresos, ferias, que se desarrollan en hoteles y salones muy amplios. Obviamente con todos los protocolos del caso, uso de tapabocas, ventilaci\u00f3n cruzada de car\u00e1cter natural. Est\u00e1 el protocolo para su aplicaci\u00f3n en breve\u00bb, a\u00f1adi\u00f3.<\/p>\n\n\n\n<p>De este modo, el Gobierno bonaerense apuesta a ampliar la apertura de actividades en el \u00faltimo trimestre del a\u00f1o y toma como referencia tanto el nivel de personas vacunadas como la baja de contagios. De hecho, este mi\u00e9rcoles 1 de septiembre comienza la presencialidad plena en las escuelas.<\/p>\n\n\n\n<p>En otro orden, Carlos Bianco tambi\u00e9n se refiri\u00f3 sobre \u00abel aislamiento mixto para quienes salen del pa\u00eds y regresan\u00bb. Entonces, cont\u00f3 que&nbsp;\u00abtenemos habilitados 136 hoteles en 47 municipios. Salieron desde el 1 de julio 30.206 bonaerenses regresaron 9.419, de los cuales la grand\u00edsima mayor\u00eda como ha sido la norma, han cumplido\u00bb.<\/p>\n\n\n\n<p>Asimismo, explic\u00f3 que \u00ab7.651 el 81%, se aislaron en hoteles cuatro d\u00edas. Solamente 674, un 7% incumplieron la normativa de aislamiento. En ese caso hicimos lo que marca la ley. El resto est\u00e1 en verificaci\u00f3n, 371 bonaerenses y 723 bonaerenses fueron los que ingresaron en estos \u00faltimos d\u00edas\u00bb.<\/p>\n\n\n\n<p>Fuente: <a href=\"https:\/\/infocielo.com\/provincia\/la-provincia-habilito-el-regreso-del-turismo-reuniones-n719306\">infocielo<\/a><\/p>\n","protected":false},"excerpt":{"rendered":"<p>El Gobierno finalmente vio luz verde para habilitar la vuelta del turismo de reuniones en la provincia de Buenos Aires. El Gobierno de la&nbsp;provincia&nbsp;de Buenos Aires&nbsp;contin\u00faa en pleno avance de las aperturas de actividades al tiempo que se profundiza la campa\u00f1a de vacunaci\u00f3n y el descenso de contagios de coronavirus. En ese aspecto, este martes [&hellip;]<\/p>\n","protected":false},"author":4,"featured_media":98214,"comment_status":"closed","ping_status":"closed","sticky":false,"template":"","format":"standard","meta":{"om_disable_all_campaigns":false,"_jetpack_memberships_contains_paid_content":false,"footnotes":""},"categories":[621],"tags":[],"class_list":["post-98216","post","type-post","status-publish","format-standard","has-post-thumbnail","hentry","category-regionales"],"aioseo_notices":[],"gutentor_comment":0,"jetpack_featured_media_url":"https:\/\/eldiariodesanpedro.com.ar\/sitio\/wp-content\/uploads\/2021\/08\/turismo-reunionesjpg.jpg","jetpack_shortlink":"https:\/\/wp.me\/p6RhLt-py8","jetpack_sharing_enabled":true,"_links":{"self":[{"href":"https:\/\/eldiariodesanpedro.com.ar\/sitio\/wp-json\/wp\/v2\/posts\/98216","targetHints":{"allow":["GET"]}}],"collection":[{"href":"https:\/\/eldiariodesanpedro.com.ar\/sitio\/wp-json\/wp\/v2\/posts"}],"about":[{"href":"https:\/\/eldiariodesanpedro.com.ar\/sitio\/wp-json\/wp\/v2\/types\/post"}],"author":[{"embeddable":true,"href":"https:\/\/eldiariodesanpedro.com.ar\/sitio\/wp-json\/wp\/v2\/users\/4"}],"replies":[{"embeddable":true,"href":"https:\/\/eldiariodesanpedro.com.ar\/sitio\/wp-json\/wp\/v2\/comments?post=98216"}],"version-history":[{"count":1,"href":"https:\/\/eldiariodesanpedro.com.ar\/sitio\/wp-json\/wp\/v2\/posts\/98216\/revisions"}],"predecessor-version":[{"id":98217,"href":"https:\/\/eldiariodesanpedro.com.ar\/sitio\/wp-json\/wp\/v2\/posts\/98216\/revisions\/98217"}],"wp:featuredmedia":[{"embeddable":true,"href":"https:\/\/eldiariodesanpedro.com.ar\/sitio\/wp-json\/wp\/v2\/media\/98214"}],"wp:attachment":[{"href":"https:\/\/eldiariodesanpedro.com.ar\/sitio\/wp-json\/wp\/v2\/media?parent=98216"}],"wp:term":[{"taxonomy":"category","embeddable":true,"href":"https:\/\/eldiariodesanpedro.com.ar\/sitio\/wp-json\/wp\/v2\/categories?post=98216"},{"taxonomy":"post_tag","embeddable":true,"href":"https:\/\/eldiariodesanpedro.com.ar\/sitio\/wp-json\/wp\/v2\/tags?post=98216"}],"curies":[{"name":"wp","href":"https:\/\/api.w.org\/{rel}","templated":true}]}}