{"id":98210,"date":"2021-08-31T11:54:19","date_gmt":"2021-08-31T14:54:19","guid":{"rendered":"https:\/\/eldiariodesanpedro.com.ar\/sitio\/?p=98210"},"modified":"2021-08-31T11:54:23","modified_gmt":"2021-08-31T14:54:23","slug":"coronavirus-ya-son-63-casos-de-delta-en-la-provincia","status":"publish","type":"post","link":"https:\/\/eldiariodesanpedro.com.ar\/sitio\/coronavirus-ya-son-63-casos-de-delta-en-la-provincia\/","title":{"rendered":"Coronavirus: ya son 63 casos de Delta en la Provincia"},"content":{"rendered":"<!-- VideographyWP Plugin Message: Automatic video embedding prevented by plugin options. -->\n\n<p>As\u00ed lo afirm\u00f3 Leticia Ceriani, funcionaria del Ministerio de Salud, quien se\u00f1al\u00f3 que 2 casos de coronavirus de la variante Delta no tienen contacto con viajeros.<\/p>\n\n\n\n<p>En el marco de la habitual conferencia de prensa donde se dan detalles de la situaci\u00f3n epidemiol\u00f3gica bonaerense, la Subsecretaria de Gesti\u00f3n de la Informaci\u00f3n, Educaci\u00f3n Permanente y Fiscalizaci\u00f3n del Ministerio de Salud,\u00a0<strong>Leticia Ceriani<\/strong>, se\u00f1al\u00f3 que ya son 63 los casos confirmados de la variante Delta de\u00a0<strong>coronavirus<\/strong>\u00a0en la provincia, siendo solo dos los que no tienen relaci\u00f3n con viajeros.<\/p>\n\n\n\n<p>El primero,<strong>\u00a0fue el del vecino de Lan\u00fas y el otro es una persona adulta de 49 a\u00f1os, que estuvo en contacto con un ni\u00f1o en cuya escuela se confirmaron variedad de casos de contagios<\/strong>. En estos dos casos son personas vacunadas con una dosis y atravesaron el aislamiento de manera leve.<\/p>\n\n\n\n<p>En tanto, la funcionaria se\u00f1al\u00f3 que la Provincia mantiene&nbsp;<strong>\u201cel programa de aislamiento de viajeros para retrasar el m\u00e1ximo posible la circulaci\u00f3n de la variante Delta\u201d.<\/strong><\/p>\n\n\n\n<p>Asimismo, resalt\u00f3 que pas\u00f3 una nueva semana con descenso de casos y con avance de la\u00a0campa\u00f1a de vacunaci\u00f3n\u00a0al terminar agosto, que hab\u00eda sido catalogado como \u201cel mes de las segundas dosis\u201d, donde se aplicaron m\u00e1s de 2 millones de este componente.<\/p>\n\n\n\n<p>A esto se sumar\u00e1n los operativos de vacunaci\u00f3n casa por casa y la circulaci\u00f3n de los colectivos vacunatorios por diferentes localidades bonaerenses, entre ellas La Plata, y la circulaci\u00f3n del tren sanitario.<\/p>\n\n\n\n<p>\u201c<strong>Continuamos con el descenso sostenido de casos que ya lleva 14 semanas y acumula 88%. Adem\u00e1s, est\u00e1 semana el promedio diario es inferior al que hab\u00edamos alcanzado en la segunda ola y estamos llegando a los valores de la primera ola, el promedio de junio de 2020. Estamos casi en valores previos a los de la primera ola\u201d<\/strong>, afirm\u00f3 Ceriani.<\/p>\n\n\n\n<p>A la vez, destac\u00f3 que la ocupaci\u00f3n de camas por casos de Coronavirus es del 23,2%. \u201cTenemos la mitad de las camas en la provincia de Buenos Aires libre y con un descenso sostenido\u201d, marc\u00f3.<\/p>\n\n\n\n<p>Fuente: <a href=\"https:\/\/infocielo.com\/coronavirus\/coronavirus-ya-son-63-casos-delta-la-provincia-n719298\">Infocielo<\/a><\/p>\n","protected":false},"excerpt":{"rendered":"<p>As\u00ed lo afirm\u00f3 Leticia Ceriani, funcionaria del Ministerio de Salud, quien se\u00f1al\u00f3 que 2 casos de coronavirus de la variante Delta no tienen contacto con viajeros. En el marco de la habitual conferencia de prensa donde se dan detalles de la situaci\u00f3n epidemiol\u00f3gica bonaerense, la Subsecretaria de Gesti\u00f3n de la Informaci\u00f3n, Educaci\u00f3n Permanente y Fiscalizaci\u00f3n [&hellip;]<\/p>\n","protected":false},"author":4,"featured_media":98211,"comment_status":"closed","ping_status":"closed","sticky":false,"template":"","format":"standard","meta":{"om_disable_all_campaigns":false,"_jetpack_memberships_contains_paid_content":false,"footnotes":""},"categories":[621],"tags":[],"class_list":["post-98210","post","type-post","status-publish","format-standard","has-post-thumbnail","hentry","category-regionales"],"aioseo_notices":[],"gutentor_comment":0,"jetpack_featured_media_url":"https:\/\/eldiariodesanpedro.com.ar\/sitio\/wp-content\/uploads\/2021\/08\/whatsapp-image-2021-08-31-at-093742jpeg.jpeg","jetpack_shortlink":"https:\/\/wp.me\/p6RhLt-py2","jetpack_sharing_enabled":true,"_links":{"self":[{"href":"https:\/\/eldiariodesanpedro.com.ar\/sitio\/wp-json\/wp\/v2\/posts\/98210","targetHints":{"allow":["GET"]}}],"collection":[{"href":"https:\/\/eldiariodesanpedro.com.ar\/sitio\/wp-json\/wp\/v2\/posts"}],"about":[{"href":"https:\/\/eldiariodesanpedro.com.ar\/sitio\/wp-json\/wp\/v2\/types\/post"}],"author":[{"embeddable":true,"href":"https:\/\/eldiariodesanpedro.com.ar\/sitio\/wp-json\/wp\/v2\/users\/4"}],"replies":[{"embeddable":true,"href":"https:\/\/eldiariodesanpedro.com.ar\/sitio\/wp-json\/wp\/v2\/comments?post=98210"}],"version-history":[{"count":1,"href":"https:\/\/eldiariodesanpedro.com.ar\/sitio\/wp-json\/wp\/v2\/posts\/98210\/revisions"}],"predecessor-version":[{"id":98212,"href":"https:\/\/eldiariodesanpedro.com.ar\/sitio\/wp-json\/wp\/v2\/posts\/98210\/revisions\/98212"}],"wp:featuredmedia":[{"embeddable":true,"href":"https:\/\/eldiariodesanpedro.com.ar\/sitio\/wp-json\/wp\/v2\/media\/98211"}],"wp:attachment":[{"href":"https:\/\/eldiariodesanpedro.com.ar\/sitio\/wp-json\/wp\/v2\/media?parent=98210"}],"wp:term":[{"taxonomy":"category","embeddable":true,"href":"https:\/\/eldiariodesanpedro.com.ar\/sitio\/wp-json\/wp\/v2\/categories?post=98210"},{"taxonomy":"post_tag","embeddable":true,"href":"https:\/\/eldiariodesanpedro.com.ar\/sitio\/wp-json\/wp\/v2\/tags?post=98210"}],"curies":[{"name":"wp","href":"https:\/\/api.w.org\/{rel}","templated":true}]}}