{"id":98205,"date":"2021-08-31T09:58:57","date_gmt":"2021-08-31T12:58:57","guid":{"rendered":"https:\/\/eldiariodesanpedro.com.ar\/sitio\/?p=98205"},"modified":"2021-08-31T09:59:01","modified_gmt":"2021-08-31T12:59:01","slug":"otra-persona-a-la-que-le-hackearon-las-cuentas-de-redes-sociales-para-estafar-con-venta-de-dolares","status":"publish","type":"post","link":"https:\/\/eldiariodesanpedro.com.ar\/sitio\/otra-persona-a-la-que-le-hackearon-las-cuentas-de-redes-sociales-para-estafar-con-venta-de-dolares\/","title":{"rendered":"Otra persona a la que le hackearon las cuentas de redes sociales para estafar con venta de d\u00f3lares"},"content":{"rendered":"<!-- VideographyWP Plugin Message: Automatic video embedding prevented by plugin options. -->\n\n<p>Este lunes nuevamente se realiz\u00f3 una denuncia por estafa en la comisar\u00eda local donde a la v\u00edctima le hackearon cuenta de redes sociales utiliz\u00e1ndolo para vender d\u00f3lares a bajo precio a los contactos.<\/p>\n\n\n\n<p>En esta ocasi\u00f3n una mujer de 50 a\u00f1os realiz\u00f3 la correspondiente denuncia donde inform\u00f3 que el lunes y martes en distintos horarios, autores ignorados utilizando su perfil por donde enviaron mensajes v\u00eda Whatsapp a sus contactos telef\u00f3nicos, refiriendo vender d\u00f3lares a bajo precio, desconociendo si alguno fue estafado, percat\u00e1ndose adem\u00e1s que han borrado todos sus contactos de redes sociales Facebook e Instagram.&nbsp;<\/p>\n\n\n\n<p>Investiga e interviene la UFI 05.-<\/p>\n","protected":false},"excerpt":{"rendered":"<p>Este lunes nuevamente se realiz\u00f3 una denuncia por estafa en la comisar\u00eda local donde a la v\u00edctima le hackearon cuenta de redes sociales utiliz\u00e1ndolo para vender d\u00f3lares a bajo precio a los contactos. En esta ocasi\u00f3n una mujer de 50 a\u00f1os realiz\u00f3 la correspondiente denuncia donde inform\u00f3 que el lunes y martes en distintos horarios, [&hellip;]<\/p>\n","protected":false},"author":4,"featured_media":45394,"comment_status":"closed","ping_status":"closed","sticky":false,"template":"","format":"standard","meta":{"om_disable_all_campaigns":false,"_jetpack_memberships_contains_paid_content":false,"footnotes":""},"categories":[50,2,103],"tags":[],"class_list":["post-98205","post","type-post","status-publish","format-standard","has-post-thumbnail","hentry","category-destacadas","category-locales","category-policiales-locales"],"aioseo_notices":[],"gutentor_comment":0,"jetpack_featured_media_url":"https:\/\/eldiariodesanpedro.com.ar\/sitio\/wp-content\/uploads\/2019\/01\/comisaria.jpg","jetpack_shortlink":"https:\/\/wp.me\/p6RhLt-pxX","jetpack_sharing_enabled":true,"_links":{"self":[{"href":"https:\/\/eldiariodesanpedro.com.ar\/sitio\/wp-json\/wp\/v2\/posts\/98205","targetHints":{"allow":["GET"]}}],"collection":[{"href":"https:\/\/eldiariodesanpedro.com.ar\/sitio\/wp-json\/wp\/v2\/posts"}],"about":[{"href":"https:\/\/eldiariodesanpedro.com.ar\/sitio\/wp-json\/wp\/v2\/types\/post"}],"author":[{"embeddable":true,"href":"https:\/\/eldiariodesanpedro.com.ar\/sitio\/wp-json\/wp\/v2\/users\/4"}],"replies":[{"embeddable":true,"href":"https:\/\/eldiariodesanpedro.com.ar\/sitio\/wp-json\/wp\/v2\/comments?post=98205"}],"version-history":[{"count":1,"href":"https:\/\/eldiariodesanpedro.com.ar\/sitio\/wp-json\/wp\/v2\/posts\/98205\/revisions"}],"predecessor-version":[{"id":98206,"href":"https:\/\/eldiariodesanpedro.com.ar\/sitio\/wp-json\/wp\/v2\/posts\/98205\/revisions\/98206"}],"wp:featuredmedia":[{"embeddable":true,"href":"https:\/\/eldiariodesanpedro.com.ar\/sitio\/wp-json\/wp\/v2\/media\/45394"}],"wp:attachment":[{"href":"https:\/\/eldiariodesanpedro.com.ar\/sitio\/wp-json\/wp\/v2\/media?parent=98205"}],"wp:term":[{"taxonomy":"category","embeddable":true,"href":"https:\/\/eldiariodesanpedro.com.ar\/sitio\/wp-json\/wp\/v2\/categories?post=98205"},{"taxonomy":"post_tag","embeddable":true,"href":"https:\/\/eldiariodesanpedro.com.ar\/sitio\/wp-json\/wp\/v2\/tags?post=98205"}],"curies":[{"name":"wp","href":"https:\/\/api.w.org\/{rel}","templated":true}]}}