{"id":98201,"date":"2021-08-31T09:50:02","date_gmt":"2021-08-31T12:50:02","guid":{"rendered":"https:\/\/eldiariodesanpedro.com.ar\/sitio\/?p=98201"},"modified":"2021-08-31T09:50:55","modified_gmt":"2021-08-31T12:50:55","slug":"un-ciudadano-choco-a-un-joven-en-motocicleta-y-se-dio-a-la-fuga-es-buscado","status":"publish","type":"post","link":"https:\/\/eldiariodesanpedro.com.ar\/sitio\/un-ciudadano-choco-a-un-joven-en-motocicleta-y-se-dio-a-la-fuga-es-buscado\/","title":{"rendered":"Un ciudadano en autom\u00f3vil choc\u00f3 a un joven en motocicleta y se dio a la fuga, es buscado"},"content":{"rendered":"<!-- VideographyWP Plugin Message: Automatic video embedding prevented by plugin options. -->\n\n<p>Este lunes en las primeras horas del dia ocurrio un accidente de tr\u00e1nsito donde una persona result\u00f3 con lesiones en su piernas y el rodado responsable se dio a la fuga.&nbsp;<\/p>\n\n\n\n<p>Ayer alrededor de las 06 hs ocurri\u00f3 un accidente de tr\u00e1nsito donde por razones de que se tratan de establecer en Manuel Iglesias y Alvarado una motocicleta 110 cc guiada por un ciudadano de 21 a\u00f1os, que colision\u00f3 con un autom\u00f3vil conducido por otro masculino el cual se da a la fuga.<\/p>\n\n\n\n<p>Como consecuencia el conductor de veh\u00edculo de menor porte fue trasladado por el SAME al hospital local donde se determin\u00f3 que presentaba lesiones traum\u00e1ticas en el miembro inferior.<\/p>\n\n\n\n<p>Se investiga para dar con el imputado y secuestro del rodado, por lo que interviene la UFI N\u00b0 05.-<\/p>\n","protected":false},"excerpt":{"rendered":"<p>Este lunes en las primeras horas del dia ocurrio un accidente de tr\u00e1nsito donde una persona result\u00f3 con lesiones en su piernas y el rodado responsable se dio a la fuga.&nbsp; Ayer alrededor de las 06 hs ocurri\u00f3 un accidente de tr\u00e1nsito donde por razones de que se tratan de establecer en Manuel Iglesias y [&hellip;]<\/p>\n","protected":false},"author":4,"featured_media":81053,"comment_status":"closed","ping_status":"closed","sticky":false,"template":"","format":"standard","meta":{"om_disable_all_campaigns":false,"_jetpack_memberships_contains_paid_content":false,"footnotes":""},"categories":[50,2,103],"tags":[],"class_list":["post-98201","post","type-post","status-publish","format-standard","has-post-thumbnail","hentry","category-destacadas","category-locales","category-policiales-locales"],"aioseo_notices":[],"gutentor_comment":0,"jetpack_featured_media_url":"https:\/\/eldiariodesanpedro.com.ar\/sitio\/wp-content\/uploads\/2020\/09\/guardia-940x528-1.jpg","jetpack_shortlink":"https:\/\/wp.me\/p6RhLt-pxT","jetpack_sharing_enabled":true,"_links":{"self":[{"href":"https:\/\/eldiariodesanpedro.com.ar\/sitio\/wp-json\/wp\/v2\/posts\/98201","targetHints":{"allow":["GET"]}}],"collection":[{"href":"https:\/\/eldiariodesanpedro.com.ar\/sitio\/wp-json\/wp\/v2\/posts"}],"about":[{"href":"https:\/\/eldiariodesanpedro.com.ar\/sitio\/wp-json\/wp\/v2\/types\/post"}],"author":[{"embeddable":true,"href":"https:\/\/eldiariodesanpedro.com.ar\/sitio\/wp-json\/wp\/v2\/users\/4"}],"replies":[{"embeddable":true,"href":"https:\/\/eldiariodesanpedro.com.ar\/sitio\/wp-json\/wp\/v2\/comments?post=98201"}],"version-history":[{"count":2,"href":"https:\/\/eldiariodesanpedro.com.ar\/sitio\/wp-json\/wp\/v2\/posts\/98201\/revisions"}],"predecessor-version":[{"id":98204,"href":"https:\/\/eldiariodesanpedro.com.ar\/sitio\/wp-json\/wp\/v2\/posts\/98201\/revisions\/98204"}],"wp:featuredmedia":[{"embeddable":true,"href":"https:\/\/eldiariodesanpedro.com.ar\/sitio\/wp-json\/wp\/v2\/media\/81053"}],"wp:attachment":[{"href":"https:\/\/eldiariodesanpedro.com.ar\/sitio\/wp-json\/wp\/v2\/media?parent=98201"}],"wp:term":[{"taxonomy":"category","embeddable":true,"href":"https:\/\/eldiariodesanpedro.com.ar\/sitio\/wp-json\/wp\/v2\/categories?post=98201"},{"taxonomy":"post_tag","embeddable":true,"href":"https:\/\/eldiariodesanpedro.com.ar\/sitio\/wp-json\/wp\/v2\/tags?post=98201"}],"curies":[{"name":"wp","href":"https:\/\/api.w.org\/{rel}","templated":true}]}}