{"id":98197,"date":"2021-08-31T09:36:16","date_gmt":"2021-08-31T12:36:16","guid":{"rendered":"https:\/\/eldiariodesanpedro.com.ar\/sitio\/?p=98197"},"modified":"2021-08-31T09:36:21","modified_gmt":"2021-08-31T12:36:21","slug":"el-intendente-salazar-y-el-director-de-defensa-civil-se-reunieron-por-los-incendios-en-islas","status":"publish","type":"post","link":"https:\/\/eldiariodesanpedro.com.ar\/sitio\/el-intendente-salazar-y-el-director-de-defensa-civil-se-reunieron-por-los-incendios-en-islas\/","title":{"rendered":"El Intendente Salazar y el Director de Defensa Civil se reunieron por los incendios en islas"},"content":{"rendered":"<!-- VideographyWP Plugin Message: Automatic video embedding prevented by plugin options. -->\n\n<p>En la tarde de ayer el Intendente Cecilio Salazar junto al Secretario de Coordinaci\u00f3n Ram\u00f3n Salazar, el Secretario de Gobierno Silvio Corti y el Secretario de Seguridad Eduardo Roleri, mantuvieron una reuni\u00f3n de trabajo con el Director Provincial de Defensa Civil, Fabi\u00e1n Garc\u00eda.<\/p>\n\n\n\n<p>La Municipalidad de San Pedro se ha puesto a disposici\u00f3n desde hace varias semanas en cada una de las llegadas de los brigadistas que han realizado operativos en la zona de islas, poniendo a al alcance de quienes coordinaron las tareas, todos los recursos necesarios para intervenir en los sectores que han registrado incendios con graves perjuicios.<\/p>\n\n\n\n<p>El Intendente Salazar adelant\u00f3 que en los pr\u00f3ximos d\u00edas se organizar\u00e1 una reuni\u00f3n con el Intendente de Baradero, Esteban Sanzio para establecer un seguimiento conjunto de este tema que provoca una gran preocupaci\u00f3n, que extiende adem\u00e1s a otras ciudades de la costa frente a la Provincia de Entre R\u00edos donde se han registrado los \u00faltimos focos.<\/p>\n\n\n\n<p>Est\u00e1n previstas adem\u00e1s reuniones a nivel nacional para darle seguimiento al tema, a\u00fan cuando los focos se extingan, para seguir abordando con responsabilidad una problem\u00e1tica de nivel regional con serias consecuencias.<\/p>\n\n\n\n<p>El representante de Defensa Civil destac\u00f3 que se ha venido trabajando con un helic\u00f3ptero del ej\u00e9rcito y brigadistas de la provincia de Buenos Aires en conjunto con pares de Entre R\u00edos, con el apoyo del Ministerio de Medioambiente de la Naci\u00f3n. Por su parte el Secretario de Seguridad anticip\u00f3 que se presentar\u00e1n nuevas denuncias ante algunas situaciones identificadas en el seguimiento del tema.<\/p>\n\n\n\n<figure class=\"wp-block-image size-large\"><img decoding=\"async\" width=\"1024\" height=\"461\" data-attachment-id=\"98198\" data-permalink=\"https:\/\/eldiariodesanpedro.com.ar\/sitio\/el-intendente-salazar-y-el-director-de-defensa-civil-se-reunieron-por-los-incendios-en-islas\/whatsapp-image-2021-08-31-at-09-07-29-1\/\" data-orig-file=\"https:\/\/eldiariodesanpedro.com.ar\/sitio\/wp-content\/uploads\/2021\/08\/WhatsApp-Image-2021-08-31-at-09.07.29-1.jpeg\" data-orig-size=\"1280,576\" data-comments-opened=\"0\" data-image-meta=\"{&quot;aperture&quot;:&quot;0&quot;,&quot;credit&quot;:&quot;&quot;,&quot;camera&quot;:&quot;&quot;,&quot;caption&quot;:&quot;&quot;,&quot;created_timestamp&quot;:&quot;0&quot;,&quot;copyright&quot;:&quot;&quot;,&quot;focal_length&quot;:&quot;0&quot;,&quot;iso&quot;:&quot;0&quot;,&quot;shutter_speed&quot;:&quot;0&quot;,&quot;title&quot;:&quot;&quot;,&quot;orientation&quot;:&quot;0&quot;}\" data-image-title=\"WhatsApp Image 2021-08-31 at 09.07.29 (1)\" data-image-description=\"\" data-image-caption=\"\" data-large-file=\"https:\/\/eldiariodesanpedro.com.ar\/sitio\/wp-content\/uploads\/2021\/08\/WhatsApp-Image-2021-08-31-at-09.07.29-1-1024x461.jpeg\" data-src=\"https:\/\/eldiariodesanpedro.com.ar\/sitio\/wp-content\/uploads\/2021\/08\/WhatsApp-Image-2021-08-31-at-09.07.29-1-1024x461.jpeg\" alt=\"\" class=\"wp-image-98198 lazyload\" data-srcset=\"https:\/\/eldiariodesanpedro.com.ar\/sitio\/wp-content\/uploads\/2021\/08\/WhatsApp-Image-2021-08-31-at-09.07.29-1-1024x461.jpeg 1024w, https:\/\/eldiariodesanpedro.com.ar\/sitio\/wp-content\/uploads\/2021\/08\/WhatsApp-Image-2021-08-31-at-09.07.29-1-300x135.jpeg 300w, https:\/\/eldiariodesanpedro.com.ar\/sitio\/wp-content\/uploads\/2021\/08\/WhatsApp-Image-2021-08-31-at-09.07.29-1-768x346.jpeg 768w, https:\/\/eldiariodesanpedro.com.ar\/sitio\/wp-content\/uploads\/2021\/08\/WhatsApp-Image-2021-08-31-at-09.07.29-1.jpeg 1280w\" data-sizes=\"(max-width: 1024px) 100vw, 1024px\" src=\"data:image\/svg+xml;base64,PHN2ZyB3aWR0aD0iMSIgaGVpZ2h0PSIxIiB4bWxucz0iaHR0cDovL3d3dy53My5vcmcvMjAwMC9zdmciPjwvc3ZnPg==\" style=\"--smush-placeholder-width: 1024px; --smush-placeholder-aspect-ratio: 1024\/461;\" \/><\/figure>\n","protected":false},"excerpt":{"rendered":"<p>En la tarde de ayer el Intendente Cecilio Salazar junto al Secretario de Coordinaci\u00f3n Ram\u00f3n Salazar, el Secretario de Gobierno Silvio Corti y el Secretario de Seguridad Eduardo Roleri, mantuvieron una reuni\u00f3n de trabajo con el Director Provincial de Defensa Civil, Fabi\u00e1n Garc\u00eda. La Municipalidad de San Pedro se ha puesto a disposici\u00f3n desde hace [&hellip;]<\/p>\n","protected":false},"author":4,"featured_media":98199,"comment_status":"closed","ping_status":"closed","sticky":false,"template":"","format":"standard","meta":{"om_disable_all_campaigns":false,"_jetpack_memberships_contains_paid_content":false,"footnotes":""},"categories":[2],"tags":[],"class_list":["post-98197","post","type-post","status-publish","format-standard","has-post-thumbnail","hentry","category-locales"],"aioseo_notices":[],"gutentor_comment":0,"jetpack_featured_media_url":"https:\/\/eldiariodesanpedro.com.ar\/sitio\/wp-content\/uploads\/2021\/08\/WhatsApp-Image-2021-08-31-at-09.07.29.jpeg","jetpack_shortlink":"https:\/\/wp.me\/p6RhLt-pxP","jetpack_sharing_enabled":true,"_links":{"self":[{"href":"https:\/\/eldiariodesanpedro.com.ar\/sitio\/wp-json\/wp\/v2\/posts\/98197","targetHints":{"allow":["GET"]}}],"collection":[{"href":"https:\/\/eldiariodesanpedro.com.ar\/sitio\/wp-json\/wp\/v2\/posts"}],"about":[{"href":"https:\/\/eldiariodesanpedro.com.ar\/sitio\/wp-json\/wp\/v2\/types\/post"}],"author":[{"embeddable":true,"href":"https:\/\/eldiariodesanpedro.com.ar\/sitio\/wp-json\/wp\/v2\/users\/4"}],"replies":[{"embeddable":true,"href":"https:\/\/eldiariodesanpedro.com.ar\/sitio\/wp-json\/wp\/v2\/comments?post=98197"}],"version-history":[{"count":1,"href":"https:\/\/eldiariodesanpedro.com.ar\/sitio\/wp-json\/wp\/v2\/posts\/98197\/revisions"}],"predecessor-version":[{"id":98200,"href":"https:\/\/eldiariodesanpedro.com.ar\/sitio\/wp-json\/wp\/v2\/posts\/98197\/revisions\/98200"}],"wp:featuredmedia":[{"embeddable":true,"href":"https:\/\/eldiariodesanpedro.com.ar\/sitio\/wp-json\/wp\/v2\/media\/98199"}],"wp:attachment":[{"href":"https:\/\/eldiariodesanpedro.com.ar\/sitio\/wp-json\/wp\/v2\/media?parent=98197"}],"wp:term":[{"taxonomy":"category","embeddable":true,"href":"https:\/\/eldiariodesanpedro.com.ar\/sitio\/wp-json\/wp\/v2\/categories?post=98197"},{"taxonomy":"post_tag","embeddable":true,"href":"https:\/\/eldiariodesanpedro.com.ar\/sitio\/wp-json\/wp\/v2\/tags?post=98197"}],"curies":[{"name":"wp","href":"https:\/\/api.w.org\/{rel}","templated":true}]}}