{"id":98190,"date":"2021-08-31T09:33:00","date_gmt":"2021-08-31T12:33:00","guid":{"rendered":"https:\/\/eldiariodesanpedro.com.ar\/sitio\/?p=98190"},"modified":"2021-08-31T09:33:03","modified_gmt":"2021-08-31T12:33:03","slug":"visitas-a-las-escuelas-501-y-502-por-el-plan-comunitario-de-accesibilidad","status":"publish","type":"post","link":"https:\/\/eldiariodesanpedro.com.ar\/sitio\/visitas-a-las-escuelas-501-y-502-por-el-plan-comunitario-de-accesibilidad\/","title":{"rendered":"Visitas a las escuelas 501 y 502 por el Plan Comunitario de Accesibilidad"},"content":{"rendered":"<!-- VideographyWP Plugin Message: Automatic video embedding prevented by plugin options. -->\n\n<p>Representantes de la Secretar\u00eda de Obras P\u00fablicas y Castro realizaron visitas y reuniones con las directoras de las Escuelas 501 y 502, dentro del plan que se ha puesto en marcha con el objetivo de generar las condiciones apropiadas para la accesibilidad en \u00e9stos, y todos aquellos espacios que no cuenten con estas alternativas.<\/p>\n\n\n\n<p>Mientras se trabaja en la redacci\u00f3n del texto de un Proyecto de Ordenanza que ser\u00e1 enviado desde el Ejecutivo al HCD, en esta oportunidad, el Dr. Javier Silvia y Roberto Borgo en representaci\u00f3n de la Secretar\u00eda visitaron los establecimientos, junto a Marcelo Paganucci, Jorge D&#8217;Andrea y la Arquitecta Silvina Rolfo, del Consejo Escolar, el Secretario de Desarrollo Humano Walter S\u00e1nchez y el representante del \u00e1rea de discapacidad de la secretar\u00eda Juan Carlos Mari\u00f1o.<\/p>\n\n\n\n<p>En la Escuela 501 se comenz\u00f3 a proyectar la intervenci\u00f3n para mejorar las condiciones de ingreso por las calles laterales, una entrada extra para los veh\u00edculos de transporte y en una pr\u00f3xima etapa una cobertura para que ese acceso sea totalmente operativo a\u00fan en d\u00edas de lluvias.<\/p>\n\n\n\n<p>En la Escuela 502 se encuentra m\u00e1s avanzado y pr\u00f3ximo a su inicio un proyecto para reconstruir y modificar los accesos con el mismo objetivo, ampliando las condiciones de accesibilidad.<\/p>\n\n\n\n<p>La excelente repercusi\u00f3n de la iniciativa ha generado inter\u00e9s en otros sectores para poder comenzar a trabajar coordinadamente desde todas las \u00e1reas municipales involucradas y reiterando la invitaci\u00f3n a todos los sectores privados que tambi\u00e9n est\u00e9n dispuestos a sumarse.<\/p>\n\n\n\n<figure class=\"wp-block-image size-large\"><img decoding=\"async\" width=\"960\" height=\"960\" data-attachment-id=\"98193\" data-permalink=\"https:\/\/eldiariodesanpedro.com.ar\/sitio\/visitas-a-las-escuelas-501-y-502-por-el-plan-comunitario-de-accesibilidad\/whatsapp-image-2021-08-31-at-07-28-40\/\" data-orig-file=\"https:\/\/eldiariodesanpedro.com.ar\/sitio\/wp-content\/uploads\/2021\/08\/WhatsApp-Image-2021-08-31-at-07.28.40.jpeg\" data-orig-size=\"960,960\" data-comments-opened=\"0\" data-image-meta=\"{&quot;aperture&quot;:&quot;0&quot;,&quot;credit&quot;:&quot;&quot;,&quot;camera&quot;:&quot;&quot;,&quot;caption&quot;:&quot;&quot;,&quot;created_timestamp&quot;:&quot;0&quot;,&quot;copyright&quot;:&quot;&quot;,&quot;focal_length&quot;:&quot;0&quot;,&quot;iso&quot;:&quot;0&quot;,&quot;shutter_speed&quot;:&quot;0&quot;,&quot;title&quot;:&quot;&quot;,&quot;orientation&quot;:&quot;0&quot;}\" data-image-title=\"WhatsApp Image 2021-08-31 at 07.28.40\" data-image-description=\"\" data-image-caption=\"\" data-large-file=\"https:\/\/eldiariodesanpedro.com.ar\/sitio\/wp-content\/uploads\/2021\/08\/WhatsApp-Image-2021-08-31-at-07.28.40.jpeg\" data-src=\"https:\/\/eldiariodesanpedro.com.ar\/sitio\/wp-content\/uploads\/2021\/08\/WhatsApp-Image-2021-08-31-at-07.28.40.jpeg\" alt=\"\" class=\"wp-image-98193 lazyload\" data-srcset=\"https:\/\/eldiariodesanpedro.com.ar\/sitio\/wp-content\/uploads\/2021\/08\/WhatsApp-Image-2021-08-31-at-07.28.40.jpeg 960w, https:\/\/eldiariodesanpedro.com.ar\/sitio\/wp-content\/uploads\/2021\/08\/WhatsApp-Image-2021-08-31-at-07.28.40-300x300.jpeg 300w, https:\/\/eldiariodesanpedro.com.ar\/sitio\/wp-content\/uploads\/2021\/08\/WhatsApp-Image-2021-08-31-at-07.28.40-150x150.jpeg 150w, https:\/\/eldiariodesanpedro.com.ar\/sitio\/wp-content\/uploads\/2021\/08\/WhatsApp-Image-2021-08-31-at-07.28.40-768x768.jpeg 768w\" data-sizes=\"(max-width: 960px) 100vw, 960px\" src=\"data:image\/svg+xml;base64,PHN2ZyB3aWR0aD0iMSIgaGVpZ2h0PSIxIiB4bWxucz0iaHR0cDovL3d3dy53My5vcmcvMjAwMC9zdmciPjwvc3ZnPg==\" style=\"--smush-placeholder-width: 960px; --smush-placeholder-aspect-ratio: 960\/960;\" \/><\/figure>\n\n\n\n<figure class=\"wp-block-image size-large\"><img decoding=\"async\" width=\"960\" height=\"960\" data-attachment-id=\"98194\" data-permalink=\"https:\/\/eldiariodesanpedro.com.ar\/sitio\/visitas-a-las-escuelas-501-y-502-por-el-plan-comunitario-de-accesibilidad\/whatsapp-image-2021-08-31-at-07-28-41\/\" data-orig-file=\"https:\/\/eldiariodesanpedro.com.ar\/sitio\/wp-content\/uploads\/2021\/08\/WhatsApp-Image-2021-08-31-at-07.28.41.jpeg\" data-orig-size=\"960,960\" data-comments-opened=\"0\" data-image-meta=\"{&quot;aperture&quot;:&quot;0&quot;,&quot;credit&quot;:&quot;&quot;,&quot;camera&quot;:&quot;&quot;,&quot;caption&quot;:&quot;&quot;,&quot;created_timestamp&quot;:&quot;0&quot;,&quot;copyright&quot;:&quot;&quot;,&quot;focal_length&quot;:&quot;0&quot;,&quot;iso&quot;:&quot;0&quot;,&quot;shutter_speed&quot;:&quot;0&quot;,&quot;title&quot;:&quot;&quot;,&quot;orientation&quot;:&quot;0&quot;}\" data-image-title=\"WhatsApp Image 2021-08-31 at 07.28.41\" data-image-description=\"\" data-image-caption=\"\" data-large-file=\"https:\/\/eldiariodesanpedro.com.ar\/sitio\/wp-content\/uploads\/2021\/08\/WhatsApp-Image-2021-08-31-at-07.28.41.jpeg\" data-src=\"https:\/\/eldiariodesanpedro.com.ar\/sitio\/wp-content\/uploads\/2021\/08\/WhatsApp-Image-2021-08-31-at-07.28.41.jpeg\" alt=\"\" class=\"wp-image-98194 lazyload\" data-srcset=\"https:\/\/eldiariodesanpedro.com.ar\/sitio\/wp-content\/uploads\/2021\/08\/WhatsApp-Image-2021-08-31-at-07.28.41.jpeg 960w, https:\/\/eldiariodesanpedro.com.ar\/sitio\/wp-content\/uploads\/2021\/08\/WhatsApp-Image-2021-08-31-at-07.28.41-300x300.jpeg 300w, https:\/\/eldiariodesanpedro.com.ar\/sitio\/wp-content\/uploads\/2021\/08\/WhatsApp-Image-2021-08-31-at-07.28.41-150x150.jpeg 150w, https:\/\/eldiariodesanpedro.com.ar\/sitio\/wp-content\/uploads\/2021\/08\/WhatsApp-Image-2021-08-31-at-07.28.41-768x768.jpeg 768w\" data-sizes=\"(max-width: 960px) 100vw, 960px\" src=\"data:image\/svg+xml;base64,PHN2ZyB3aWR0aD0iMSIgaGVpZ2h0PSIxIiB4bWxucz0iaHR0cDovL3d3dy53My5vcmcvMjAwMC9zdmciPjwvc3ZnPg==\" style=\"--smush-placeholder-width: 960px; --smush-placeholder-aspect-ratio: 960\/960;\" \/><\/figure>\n","protected":false},"excerpt":{"rendered":"<p>Representantes de la Secretar\u00eda de Obras P\u00fablicas y Castro realizaron visitas y reuniones con las directoras de las Escuelas 501 y 502, dentro del plan que se ha puesto en marcha con el objetivo de generar las condiciones apropiadas para la accesibilidad en \u00e9stos, y todos aquellos espacios que no cuenten con estas alternativas. Mientras [&hellip;]<\/p>\n","protected":false},"author":4,"featured_media":98191,"comment_status":"closed","ping_status":"closed","sticky":false,"template":"","format":"standard","meta":{"om_disable_all_campaigns":false,"_jetpack_memberships_contains_paid_content":false,"footnotes":""},"categories":[50,101,2],"tags":[],"class_list":["post-98190","post","type-post","status-publish","format-standard","has-post-thumbnail","hentry","category-destacadas","category-interes-general-locales","category-locales"],"aioseo_notices":[],"gutentor_comment":0,"jetpack_featured_media_url":"https:\/\/eldiariodesanpedro.com.ar\/sitio\/wp-content\/uploads\/2021\/08\/WhatsApp-Image-2021-08-31-at-07.28.39.jpeg","jetpack_shortlink":"https:\/\/wp.me\/p6RhLt-pxI","jetpack_sharing_enabled":true,"_links":{"self":[{"href":"https:\/\/eldiariodesanpedro.com.ar\/sitio\/wp-json\/wp\/v2\/posts\/98190","targetHints":{"allow":["GET"]}}],"collection":[{"href":"https:\/\/eldiariodesanpedro.com.ar\/sitio\/wp-json\/wp\/v2\/posts"}],"about":[{"href":"https:\/\/eldiariodesanpedro.com.ar\/sitio\/wp-json\/wp\/v2\/types\/post"}],"author":[{"embeddable":true,"href":"https:\/\/eldiariodesanpedro.com.ar\/sitio\/wp-json\/wp\/v2\/users\/4"}],"replies":[{"embeddable":true,"href":"https:\/\/eldiariodesanpedro.com.ar\/sitio\/wp-json\/wp\/v2\/comments?post=98190"}],"version-history":[{"count":1,"href":"https:\/\/eldiariodesanpedro.com.ar\/sitio\/wp-json\/wp\/v2\/posts\/98190\/revisions"}],"predecessor-version":[{"id":98195,"href":"https:\/\/eldiariodesanpedro.com.ar\/sitio\/wp-json\/wp\/v2\/posts\/98190\/revisions\/98195"}],"wp:featuredmedia":[{"embeddable":true,"href":"https:\/\/eldiariodesanpedro.com.ar\/sitio\/wp-json\/wp\/v2\/media\/98191"}],"wp:attachment":[{"href":"https:\/\/eldiariodesanpedro.com.ar\/sitio\/wp-json\/wp\/v2\/media?parent=98190"}],"wp:term":[{"taxonomy":"category","embeddable":true,"href":"https:\/\/eldiariodesanpedro.com.ar\/sitio\/wp-json\/wp\/v2\/categories?post=98190"},{"taxonomy":"post_tag","embeddable":true,"href":"https:\/\/eldiariodesanpedro.com.ar\/sitio\/wp-json\/wp\/v2\/tags?post=98190"}],"curies":[{"name":"wp","href":"https:\/\/api.w.org\/{rel}","templated":true}]}}