{"id":9819,"date":"2016-11-06T20:31:51","date_gmt":"2016-11-06T23:31:51","guid":{"rendered":"https:\/\/eldiariodesanpedro.com.ar\/sitio\/?p=9819"},"modified":"2016-11-06T20:31:51","modified_gmt":"2016-11-06T23:31:51","slug":"salazar-convoco-a-una-reunion-de-gabinete-ampliado","status":"publish","type":"post","link":"https:\/\/eldiariodesanpedro.com.ar\/sitio\/salazar-convoco-a-una-reunion-de-gabinete-ampliado\/","title":{"rendered":"Salazar convoc\u00f3 a una reuni\u00f3n de gabinete ampliado"},"content":{"rendered":"<p><!-- VideographyWP Plugin Message: Automatic video embedding prevented by plugin options. --><br \/>\nEl s\u00e1bado pasado el intendente municipal convoc\u00f3 a una reuni\u00f3n de gabinete ampliado. Se planea realizar estos encuentros una vez al mes con distintos temas de gesti\u00f3n. En esta oportunidad, los temas tratados fueron la situaci\u00f3n econ\u00f3mica del municipio, la del Hospital y del personal municipal.<\/p>\n<p>\u201cCabe destacar que tambi\u00e9n participaron de esta reuni\u00f3n todos los concejales del bloque del Frente Cambiemos, en donde se puso en agenda la necesidad de trabajar mancomunadamente y en equipo para resolver los problemas reales de todos nuestros vecinos\u201d, manifestaron desde el Municipio en un comunicado. <\/p>\n<p>Seg\u00fan se pudo establecer, el \u00fanico concejal que falt\u00f3 llamativamente a la cita fue Horacio Neyra.<\/p>\n","protected":false},"excerpt":{"rendered":"<p>El s\u00e1bado pasado el intendente municipal convoc\u00f3 a una reuni\u00f3n de gabinete ampliado. Se planea realizar estos encuentros una vez al mes con distintos temas de gesti\u00f3n. En esta oportunidad, los temas tratados fueron la situaci\u00f3n econ\u00f3mica del municipio, la del Hospital y del personal municipal. \u201cCabe destacar que tambi\u00e9n participaron de esta reuni\u00f3n todos [&hellip;]<\/p>\n","protected":false},"author":4,"featured_media":9820,"comment_status":"open","ping_status":"closed","sticky":false,"template":"","format":"standard","meta":{"om_disable_all_campaigns":false,"_jetpack_memberships_contains_paid_content":false,"footnotes":""},"categories":[50,2,102],"tags":[],"class_list":["post-9819","post","type-post","status-publish","format-standard","has-post-thumbnail","hentry","category-destacadas","category-locales","category-politica-locales"],"aioseo_notices":[],"gutentor_comment":0,"jetpack_featured_media_url":"https:\/\/eldiariodesanpedro.com.ar\/sitio\/wp-content\/uploads\/2016\/11\/PAGINA-5-03.jpg","jetpack_shortlink":"https:\/\/wp.me\/p6RhLt-2yn","jetpack_sharing_enabled":true,"_links":{"self":[{"href":"https:\/\/eldiariodesanpedro.com.ar\/sitio\/wp-json\/wp\/v2\/posts\/9819","targetHints":{"allow":["GET"]}}],"collection":[{"href":"https:\/\/eldiariodesanpedro.com.ar\/sitio\/wp-json\/wp\/v2\/posts"}],"about":[{"href":"https:\/\/eldiariodesanpedro.com.ar\/sitio\/wp-json\/wp\/v2\/types\/post"}],"author":[{"embeddable":true,"href":"https:\/\/eldiariodesanpedro.com.ar\/sitio\/wp-json\/wp\/v2\/users\/4"}],"replies":[{"embeddable":true,"href":"https:\/\/eldiariodesanpedro.com.ar\/sitio\/wp-json\/wp\/v2\/comments?post=9819"}],"version-history":[{"count":1,"href":"https:\/\/eldiariodesanpedro.com.ar\/sitio\/wp-json\/wp\/v2\/posts\/9819\/revisions"}],"predecessor-version":[{"id":9821,"href":"https:\/\/eldiariodesanpedro.com.ar\/sitio\/wp-json\/wp\/v2\/posts\/9819\/revisions\/9821"}],"wp:featuredmedia":[{"embeddable":true,"href":"https:\/\/eldiariodesanpedro.com.ar\/sitio\/wp-json\/wp\/v2\/media\/9820"}],"wp:attachment":[{"href":"https:\/\/eldiariodesanpedro.com.ar\/sitio\/wp-json\/wp\/v2\/media?parent=9819"}],"wp:term":[{"taxonomy":"category","embeddable":true,"href":"https:\/\/eldiariodesanpedro.com.ar\/sitio\/wp-json\/wp\/v2\/categories?post=9819"},{"taxonomy":"post_tag","embeddable":true,"href":"https:\/\/eldiariodesanpedro.com.ar\/sitio\/wp-json\/wp\/v2\/tags?post=9819"}],"curies":[{"name":"wp","href":"https:\/\/api.w.org\/{rel}","templated":true}]}}