{"id":98186,"date":"2021-08-31T09:26:56","date_gmt":"2021-08-31T12:26:56","guid":{"rendered":"https:\/\/eldiariodesanpedro.com.ar\/sitio\/?p=98186"},"modified":"2021-08-31T09:27:01","modified_gmt":"2021-08-31T12:27:01","slug":"donacion-de-agricultores-federados-argentinos-afa-a-la-cooperadora-del-hospital-emilio-ruffa","status":"publish","type":"post","link":"https:\/\/eldiariodesanpedro.com.ar\/sitio\/donacion-de-agricultores-federados-argentinos-afa-a-la-cooperadora-del-hospital-emilio-ruffa\/","title":{"rendered":"Donaci\u00f3n de Agricultores Federados Argentinos (AFA) a la cooperadora del Hospital Emilio Ruffa"},"content":{"rendered":"<!-- VideographyWP Plugin Message: Automatic video embedding prevented by plugin options. -->\n\n<p>Esta ma\u00f1ana representantes de la cooperativa Agricultores Federados Argentinos SCL (AFA) hicieron entrega de una donaci\u00f3n en efectivo a la Cooperadora del Hospital Emilio Ruffa.<\/p>\n\n\n\n<p>La entidad realiz\u00f3 un aporte de $ 100 mil, que ser\u00e1 destinado a la compra de nuevos insumos y equipamiento gestionado desde la Cooperadora con la colaboraci\u00f3n de empresas y particulares.<\/p>\n\n\n\n<p>Recibieron la donacion, el Secretario de Salud Daniel Creus, el Director del Hospital Javier Sualdea y la Presidenta de la Cooperadora Mirta Borrel. En representaci\u00f3n de AFA asistieron Daniel Reschia, Presidente del Consejo Asesor Local y Adri\u00e1n Cesano, Gerente del Centro Primario de Arrecifes.<\/p>\n\n\n\n<p>Desde el Hospital y la Cooperadora se agradecen estos gestos que contribuyen con el trabajo diario por la salud p\u00fablica sampedrina.<\/p>\n\n\n\n<figure class=\"wp-block-image size-large\"><img decoding=\"async\" width=\"1024\" height=\"768\" data-attachment-id=\"98188\" data-permalink=\"https:\/\/eldiariodesanpedro.com.ar\/sitio\/donacion-de-agricultores-federados-argentinos-afa-a-la-cooperadora-del-hospital-emilio-ruffa\/whatsapp-image-2021-08-30-at-16-40-59\/\" data-orig-file=\"https:\/\/eldiariodesanpedro.com.ar\/sitio\/wp-content\/uploads\/2021\/08\/WhatsApp-Image-2021-08-30-at-16.40.59.jpeg\" data-orig-size=\"1024,768\" data-comments-opened=\"0\" data-image-meta=\"{&quot;aperture&quot;:&quot;0&quot;,&quot;credit&quot;:&quot;&quot;,&quot;camera&quot;:&quot;&quot;,&quot;caption&quot;:&quot;&quot;,&quot;created_timestamp&quot;:&quot;0&quot;,&quot;copyright&quot;:&quot;&quot;,&quot;focal_length&quot;:&quot;0&quot;,&quot;iso&quot;:&quot;0&quot;,&quot;shutter_speed&quot;:&quot;0&quot;,&quot;title&quot;:&quot;&quot;,&quot;orientation&quot;:&quot;0&quot;}\" data-image-title=\"WhatsApp Image 2021-08-30 at 16.40.59\" data-image-description=\"\" data-image-caption=\"\" data-large-file=\"https:\/\/eldiariodesanpedro.com.ar\/sitio\/wp-content\/uploads\/2021\/08\/WhatsApp-Image-2021-08-30-at-16.40.59.jpeg\" data-src=\"https:\/\/eldiariodesanpedro.com.ar\/sitio\/wp-content\/uploads\/2021\/08\/WhatsApp-Image-2021-08-30-at-16.40.59.jpeg\" alt=\"\" class=\"wp-image-98188 lazyload\" data-srcset=\"https:\/\/eldiariodesanpedro.com.ar\/sitio\/wp-content\/uploads\/2021\/08\/WhatsApp-Image-2021-08-30-at-16.40.59.jpeg 1024w, https:\/\/eldiariodesanpedro.com.ar\/sitio\/wp-content\/uploads\/2021\/08\/WhatsApp-Image-2021-08-30-at-16.40.59-300x225.jpeg 300w, https:\/\/eldiariodesanpedro.com.ar\/sitio\/wp-content\/uploads\/2021\/08\/WhatsApp-Image-2021-08-30-at-16.40.59-768x576.jpeg 768w, https:\/\/eldiariodesanpedro.com.ar\/sitio\/wp-content\/uploads\/2021\/08\/WhatsApp-Image-2021-08-30-at-16.40.59-500x375.jpeg 500w\" data-sizes=\"(max-width: 1024px) 100vw, 1024px\" src=\"data:image\/svg+xml;base64,PHN2ZyB3aWR0aD0iMSIgaGVpZ2h0PSIxIiB4bWxucz0iaHR0cDovL3d3dy53My5vcmcvMjAwMC9zdmciPjwvc3ZnPg==\" style=\"--smush-placeholder-width: 1024px; --smush-placeholder-aspect-ratio: 1024\/768;\" \/><\/figure>\n","protected":false},"excerpt":{"rendered":"<p>Esta ma\u00f1ana representantes de la cooperativa Agricultores Federados Argentinos SCL (AFA) hicieron entrega de una donaci\u00f3n en efectivo a la Cooperadora del Hospital Emilio Ruffa. La entidad realiz\u00f3 un aporte de $ 100 mil, que ser\u00e1 destinado a la compra de nuevos insumos y equipamiento gestionado desde la Cooperadora con la colaboraci\u00f3n de empresas y [&hellip;]<\/p>\n","protected":false},"author":4,"featured_media":98187,"comment_status":"closed","ping_status":"closed","sticky":false,"template":"","format":"standard","meta":{"om_disable_all_campaigns":false,"_jetpack_memberships_contains_paid_content":false,"footnotes":""},"categories":[101,2],"tags":[],"class_list":["post-98186","post","type-post","status-publish","format-standard","has-post-thumbnail","hentry","category-interes-general-locales","category-locales"],"aioseo_notices":[],"gutentor_comment":0,"jetpack_featured_media_url":"https:\/\/eldiariodesanpedro.com.ar\/sitio\/wp-content\/uploads\/2021\/08\/WhatsApp-Image-2021-08-30-at-16.40.58.jpeg","jetpack_shortlink":"https:\/\/wp.me\/p6RhLt-pxE","jetpack_sharing_enabled":true,"_links":{"self":[{"href":"https:\/\/eldiariodesanpedro.com.ar\/sitio\/wp-json\/wp\/v2\/posts\/98186","targetHints":{"allow":["GET"]}}],"collection":[{"href":"https:\/\/eldiariodesanpedro.com.ar\/sitio\/wp-json\/wp\/v2\/posts"}],"about":[{"href":"https:\/\/eldiariodesanpedro.com.ar\/sitio\/wp-json\/wp\/v2\/types\/post"}],"author":[{"embeddable":true,"href":"https:\/\/eldiariodesanpedro.com.ar\/sitio\/wp-json\/wp\/v2\/users\/4"}],"replies":[{"embeddable":true,"href":"https:\/\/eldiariodesanpedro.com.ar\/sitio\/wp-json\/wp\/v2\/comments?post=98186"}],"version-history":[{"count":1,"href":"https:\/\/eldiariodesanpedro.com.ar\/sitio\/wp-json\/wp\/v2\/posts\/98186\/revisions"}],"predecessor-version":[{"id":98189,"href":"https:\/\/eldiariodesanpedro.com.ar\/sitio\/wp-json\/wp\/v2\/posts\/98186\/revisions\/98189"}],"wp:featuredmedia":[{"embeddable":true,"href":"https:\/\/eldiariodesanpedro.com.ar\/sitio\/wp-json\/wp\/v2\/media\/98187"}],"wp:attachment":[{"href":"https:\/\/eldiariodesanpedro.com.ar\/sitio\/wp-json\/wp\/v2\/media?parent=98186"}],"wp:term":[{"taxonomy":"category","embeddable":true,"href":"https:\/\/eldiariodesanpedro.com.ar\/sitio\/wp-json\/wp\/v2\/categories?post=98186"},{"taxonomy":"post_tag","embeddable":true,"href":"https:\/\/eldiariodesanpedro.com.ar\/sitio\/wp-json\/wp\/v2\/tags?post=98186"}],"curies":[{"name":"wp","href":"https:\/\/api.w.org\/{rel}","templated":true}]}}