{"id":98180,"date":"2021-08-31T09:23:12","date_gmt":"2021-08-31T12:23:12","guid":{"rendered":"https:\/\/eldiariodesanpedro.com.ar\/sitio\/?p=98180"},"modified":"2021-08-31T09:23:16","modified_gmt":"2021-08-31T12:23:16","slug":"la-secretaria-de-turismo-y-cultura-llevo-a-cabo-la-actividad-en-donde-se-plantaron-arboles-autoctonos-en-la-reserva-de-vuelta-de-obligado","status":"publish","type":"post","link":"https:\/\/eldiariodesanpedro.com.ar\/sitio\/la-secretaria-de-turismo-y-cultura-llevo-a-cabo-la-actividad-en-donde-se-plantaron-arboles-autoctonos-en-la-reserva-de-vuelta-de-obligado\/","title":{"rendered":"La Secretar\u00eda de Turismo y Cultura llev\u00f3 a cabo la actividad en donde se plantaron \u00e1rboles aut\u00f3ctonos en la reserva de Vuelta de Obligado"},"content":{"rendered":"<!-- VideographyWP Plugin Message: Automatic video embedding prevented by plugin options. -->\n\n<p>En conmemoraci\u00f3n por el d\u00eda del \u00e1rbol, el domingo en la ma\u00f1ana se llev\u00f3 a cabo en la reserva de Vuelta de Obligado la actividad propuesta por la Secretar\u00eda de Turismo y Cultura que consisti\u00f3 en plantar \u00e1rboles aut\u00f3ctonos que fueron donados por las familias Balustro y Valens, a trav\u00e9s de sus viveros El Yuyito y Las Margaritas respectivamente.<\/p>\n\n\n\n<p>Durante la actividad, de la que particip\u00f3 la Secretaria del \u00e1rea Marcela Cu\u00f1er junto a los Secretarios Daniel Creus de Salud, Eduardo Rolleri de Seguridad, Walter S\u00e1nchez de Desarrollo Humano y el Delegado Municipal Hugo Borda, personal que trabaja en Vuelta de Obligado en conjunto con el Guarda Parques expusieron una breve rese\u00f1a respecto de las especies de \u00e1rboles que se iban a plantar.<\/p>\n\n\n\n<figure class=\"wp-block-image size-large\"><img decoding=\"async\" width=\"1024\" height=\"625\" data-attachment-id=\"98184\" data-permalink=\"https:\/\/eldiariodesanpedro.com.ar\/sitio\/la-secretaria-de-turismo-y-cultura-llevo-a-cabo-la-actividad-en-donde-se-plantaron-arboles-autoctonos-en-la-reserva-de-vuelta-de-obligado\/whatsapp-image-2021-08-30-at-11-43-34-1\/\" data-orig-file=\"https:\/\/eldiariodesanpedro.com.ar\/sitio\/wp-content\/uploads\/2021\/08\/WhatsApp-Image-2021-08-30-at-11.43.34-1.jpeg\" data-orig-size=\"1280,781\" data-comments-opened=\"0\" data-image-meta=\"{&quot;aperture&quot;:&quot;0&quot;,&quot;credit&quot;:&quot;&quot;,&quot;camera&quot;:&quot;&quot;,&quot;caption&quot;:&quot;&quot;,&quot;created_timestamp&quot;:&quot;0&quot;,&quot;copyright&quot;:&quot;&quot;,&quot;focal_length&quot;:&quot;0&quot;,&quot;iso&quot;:&quot;0&quot;,&quot;shutter_speed&quot;:&quot;0&quot;,&quot;title&quot;:&quot;&quot;,&quot;orientation&quot;:&quot;0&quot;}\" data-image-title=\"WhatsApp-Image-2021-08-30-at-11.43.34-1\" data-image-description=\"\" data-image-caption=\"\" data-large-file=\"https:\/\/eldiariodesanpedro.com.ar\/sitio\/wp-content\/uploads\/2021\/08\/WhatsApp-Image-2021-08-30-at-11.43.34-1-1024x625.jpeg\" data-src=\"https:\/\/eldiariodesanpedro.com.ar\/sitio\/wp-content\/uploads\/2021\/08\/WhatsApp-Image-2021-08-30-at-11.43.34-1-1024x625.jpeg\" alt=\"\" class=\"wp-image-98184 lazyload\" data-srcset=\"https:\/\/eldiariodesanpedro.com.ar\/sitio\/wp-content\/uploads\/2021\/08\/WhatsApp-Image-2021-08-30-at-11.43.34-1-1024x625.jpeg 1024w, https:\/\/eldiariodesanpedro.com.ar\/sitio\/wp-content\/uploads\/2021\/08\/WhatsApp-Image-2021-08-30-at-11.43.34-1-300x183.jpeg 300w, https:\/\/eldiariodesanpedro.com.ar\/sitio\/wp-content\/uploads\/2021\/08\/WhatsApp-Image-2021-08-30-at-11.43.34-1-768x469.jpeg 768w, https:\/\/eldiariodesanpedro.com.ar\/sitio\/wp-content\/uploads\/2021\/08\/WhatsApp-Image-2021-08-30-at-11.43.34-1.jpeg 1280w\" data-sizes=\"(max-width: 1024px) 100vw, 1024px\" src=\"data:image\/svg+xml;base64,PHN2ZyB3aWR0aD0iMSIgaGVpZ2h0PSIxIiB4bWxucz0iaHR0cDovL3d3dy53My5vcmcvMjAwMC9zdmciPjwvc3ZnPg==\" style=\"--smush-placeholder-width: 1024px; --smush-placeholder-aspect-ratio: 1024\/625;\" \/><\/figure>\n\n\n\n<figure class=\"wp-block-image size-large\"><img decoding=\"async\" width=\"910\" height=\"1024\" data-attachment-id=\"98183\" data-permalink=\"https:\/\/eldiariodesanpedro.com.ar\/sitio\/la-secretaria-de-turismo-y-cultura-llevo-a-cabo-la-actividad-en-donde-se-plantaron-arboles-autoctonos-en-la-reserva-de-vuelta-de-obligado\/whatsapp-image-2021-08-30-at-11-43-35\/\" data-orig-file=\"https:\/\/eldiariodesanpedro.com.ar\/sitio\/wp-content\/uploads\/2021\/08\/WhatsApp-Image-2021-08-30-at-11.43.35.jpeg\" data-orig-size=\"1138,1280\" data-comments-opened=\"0\" data-image-meta=\"{&quot;aperture&quot;:&quot;0&quot;,&quot;credit&quot;:&quot;&quot;,&quot;camera&quot;:&quot;&quot;,&quot;caption&quot;:&quot;&quot;,&quot;created_timestamp&quot;:&quot;0&quot;,&quot;copyright&quot;:&quot;&quot;,&quot;focal_length&quot;:&quot;0&quot;,&quot;iso&quot;:&quot;0&quot;,&quot;shutter_speed&quot;:&quot;0&quot;,&quot;title&quot;:&quot;&quot;,&quot;orientation&quot;:&quot;0&quot;}\" data-image-title=\"WhatsApp Image 2021-08-30 at 11.43.35\" data-image-description=\"\" data-image-caption=\"\" data-large-file=\"https:\/\/eldiariodesanpedro.com.ar\/sitio\/wp-content\/uploads\/2021\/08\/WhatsApp-Image-2021-08-30-at-11.43.35-910x1024.jpeg\" data-src=\"https:\/\/eldiariodesanpedro.com.ar\/sitio\/wp-content\/uploads\/2021\/08\/WhatsApp-Image-2021-08-30-at-11.43.35-910x1024.jpeg\" alt=\"\" class=\"wp-image-98183 lazyload\" data-srcset=\"https:\/\/eldiariodesanpedro.com.ar\/sitio\/wp-content\/uploads\/2021\/08\/WhatsApp-Image-2021-08-30-at-11.43.35-910x1024.jpeg 910w, https:\/\/eldiariodesanpedro.com.ar\/sitio\/wp-content\/uploads\/2021\/08\/WhatsApp-Image-2021-08-30-at-11.43.35-267x300.jpeg 267w, https:\/\/eldiariodesanpedro.com.ar\/sitio\/wp-content\/uploads\/2021\/08\/WhatsApp-Image-2021-08-30-at-11.43.35-768x864.jpeg 768w, https:\/\/eldiariodesanpedro.com.ar\/sitio\/wp-content\/uploads\/2021\/08\/WhatsApp-Image-2021-08-30-at-11.43.35.jpeg 1138w\" data-sizes=\"(max-width: 910px) 100vw, 910px\" src=\"data:image\/svg+xml;base64,PHN2ZyB3aWR0aD0iMSIgaGVpZ2h0PSIxIiB4bWxucz0iaHR0cDovL3d3dy53My5vcmcvMjAwMC9zdmciPjwvc3ZnPg==\" style=\"--smush-placeholder-width: 910px; --smush-placeholder-aspect-ratio: 910\/1024;\" \/><\/figure>\n","protected":false},"excerpt":{"rendered":"<p>En conmemoraci\u00f3n por el d\u00eda del \u00e1rbol, el domingo en la ma\u00f1ana se llev\u00f3 a cabo en la reserva de Vuelta de Obligado la actividad propuesta por la Secretar\u00eda de Turismo y Cultura que consisti\u00f3 en plantar \u00e1rboles aut\u00f3ctonos que fueron donados por las familias Balustro y Valens, a trav\u00e9s de sus viveros El Yuyito [&hellip;]<\/p>\n","protected":false},"author":4,"featured_media":98181,"comment_status":"closed","ping_status":"closed","sticky":false,"template":"","format":"standard","meta":{"om_disable_all_campaigns":false,"_jetpack_memberships_contains_paid_content":false,"footnotes":""},"categories":[101,2],"tags":[],"class_list":["post-98180","post","type-post","status-publish","format-standard","has-post-thumbnail","hentry","category-interes-general-locales","category-locales"],"aioseo_notices":[],"gutentor_comment":0,"jetpack_featured_media_url":"https:\/\/eldiariodesanpedro.com.ar\/sitio\/wp-content\/uploads\/2021\/08\/WhatsApp-Image-2021-08-30-at-11.43.33.jpeg","jetpack_shortlink":"https:\/\/wp.me\/p6RhLt-pxy","jetpack_sharing_enabled":true,"_links":{"self":[{"href":"https:\/\/eldiariodesanpedro.com.ar\/sitio\/wp-json\/wp\/v2\/posts\/98180","targetHints":{"allow":["GET"]}}],"collection":[{"href":"https:\/\/eldiariodesanpedro.com.ar\/sitio\/wp-json\/wp\/v2\/posts"}],"about":[{"href":"https:\/\/eldiariodesanpedro.com.ar\/sitio\/wp-json\/wp\/v2\/types\/post"}],"author":[{"embeddable":true,"href":"https:\/\/eldiariodesanpedro.com.ar\/sitio\/wp-json\/wp\/v2\/users\/4"}],"replies":[{"embeddable":true,"href":"https:\/\/eldiariodesanpedro.com.ar\/sitio\/wp-json\/wp\/v2\/comments?post=98180"}],"version-history":[{"count":1,"href":"https:\/\/eldiariodesanpedro.com.ar\/sitio\/wp-json\/wp\/v2\/posts\/98180\/revisions"}],"predecessor-version":[{"id":98185,"href":"https:\/\/eldiariodesanpedro.com.ar\/sitio\/wp-json\/wp\/v2\/posts\/98180\/revisions\/98185"}],"wp:featuredmedia":[{"embeddable":true,"href":"https:\/\/eldiariodesanpedro.com.ar\/sitio\/wp-json\/wp\/v2\/media\/98181"}],"wp:attachment":[{"href":"https:\/\/eldiariodesanpedro.com.ar\/sitio\/wp-json\/wp\/v2\/media?parent=98180"}],"wp:term":[{"taxonomy":"category","embeddable":true,"href":"https:\/\/eldiariodesanpedro.com.ar\/sitio\/wp-json\/wp\/v2\/categories?post=98180"},{"taxonomy":"post_tag","embeddable":true,"href":"https:\/\/eldiariodesanpedro.com.ar\/sitio\/wp-json\/wp\/v2\/tags?post=98180"}],"curies":[{"name":"wp","href":"https:\/\/api.w.org\/{rel}","templated":true}]}}