{"id":98166,"date":"2021-08-30T18:57:43","date_gmt":"2021-08-30T21:57:43","guid":{"rendered":"https:\/\/eldiariodesanpedro.com.ar\/sitio\/?p=98166"},"modified":"2021-08-30T18:57:48","modified_gmt":"2021-08-30T21:57:48","slug":"edicto-de-sucesion-de-martinez-darwin-emerson","status":"publish","type":"post","link":"https:\/\/eldiariodesanpedro.com.ar\/sitio\/edicto-de-sucesion-de-martinez-darwin-emerson\/","title":{"rendered":"Edicto de Sucesi\u00f3n de Martinez Darwin Emerson"},"content":{"rendered":"<!-- VideographyWP Plugin Message: Automatic video embedding prevented by plugin options. -->\n\n<p>El Juzgado en lo Civil y Comercial N\u00b0 6, Secretar\u00eda \u00danica cita y emplaza a herederos y acreedores de <strong><strong>Martinez Darwin Emerson<\/strong>, DNI 4.683.421<\/strong>, por el plazo de 30 d\u00edas a fin de que se presenten a hacer valer sus derechos. Mar del Plata, 27 de Agosto de 2021.-<\/p>\n\n\n\n<p>BROEDERS Andrea Edith.<br>AUXILIAR LETRADO<\/p>\n","protected":false},"excerpt":{"rendered":"<p>El Juzgado en lo Civil y Comercial N\u00b0 6, Secretar\u00eda \u00danica cita y emplaza a herederos y acreedores de Martinez Darwin Emerson, DNI 4.683.421, por el plazo de 30 d\u00edas a fin de que se presenten a hacer valer sus derechos. Mar del Plata, 27 de Agosto de 2021.- BROEDERS Andrea Edith.AUXILIAR LETRADO<\/p>\n","protected":false},"author":4,"featured_media":81115,"comment_status":"closed","ping_status":"closed","sticky":false,"template":"","format":"standard","meta":{"om_disable_all_campaigns":false,"_jetpack_memberships_contains_paid_content":false,"footnotes":""},"categories":[676,677],"tags":[2305],"class_list":["post-98166","post","type-post","status-publish","format-standard","has-post-thumbnail","hentry","category-edictos","category-edictos-sucesorios","tag-martinez-darwin-emerson"],"aioseo_notices":[],"gutentor_comment":0,"jetpack_featured_media_url":"https:\/\/eldiariodesanpedro.com.ar\/sitio\/wp-content\/uploads\/2020\/09\/Poder-Judicial.jpg","jetpack_shortlink":"https:\/\/wp.me\/p6RhLt-pxk","jetpack_sharing_enabled":true,"_links":{"self":[{"href":"https:\/\/eldiariodesanpedro.com.ar\/sitio\/wp-json\/wp\/v2\/posts\/98166","targetHints":{"allow":["GET"]}}],"collection":[{"href":"https:\/\/eldiariodesanpedro.com.ar\/sitio\/wp-json\/wp\/v2\/posts"}],"about":[{"href":"https:\/\/eldiariodesanpedro.com.ar\/sitio\/wp-json\/wp\/v2\/types\/post"}],"author":[{"embeddable":true,"href":"https:\/\/eldiariodesanpedro.com.ar\/sitio\/wp-json\/wp\/v2\/users\/4"}],"replies":[{"embeddable":true,"href":"https:\/\/eldiariodesanpedro.com.ar\/sitio\/wp-json\/wp\/v2\/comments?post=98166"}],"version-history":[{"count":1,"href":"https:\/\/eldiariodesanpedro.com.ar\/sitio\/wp-json\/wp\/v2\/posts\/98166\/revisions"}],"predecessor-version":[{"id":98167,"href":"https:\/\/eldiariodesanpedro.com.ar\/sitio\/wp-json\/wp\/v2\/posts\/98166\/revisions\/98167"}],"wp:featuredmedia":[{"embeddable":true,"href":"https:\/\/eldiariodesanpedro.com.ar\/sitio\/wp-json\/wp\/v2\/media\/81115"}],"wp:attachment":[{"href":"https:\/\/eldiariodesanpedro.com.ar\/sitio\/wp-json\/wp\/v2\/media?parent=98166"}],"wp:term":[{"taxonomy":"category","embeddable":true,"href":"https:\/\/eldiariodesanpedro.com.ar\/sitio\/wp-json\/wp\/v2\/categories?post=98166"},{"taxonomy":"post_tag","embeddable":true,"href":"https:\/\/eldiariodesanpedro.com.ar\/sitio\/wp-json\/wp\/v2\/tags?post=98166"}],"curies":[{"name":"wp","href":"https:\/\/api.w.org\/{rel}","templated":true}]}}