{"id":9816,"date":"2016-11-06T20:29:13","date_gmt":"2016-11-06T23:29:13","guid":{"rendered":"https:\/\/eldiariodesanpedro.com.ar\/sitio\/?p=9816"},"modified":"2016-11-06T20:29:13","modified_gmt":"2016-11-06T23:29:13","slug":"pesar-por-el-fallecimiento-del-dirigente-y-productor-agropecuario-juan-kissling","status":"publish","type":"post","link":"https:\/\/eldiariodesanpedro.com.ar\/sitio\/pesar-por-el-fallecimiento-del-dirigente-y-productor-agropecuario-juan-kissling\/","title":{"rendered":"Pesar por el fallecimiento del dirigente y productor agropecuario Juan Kissling"},"content":{"rendered":"<p><!-- VideographyWP Plugin Message: Automatic video embedding prevented by plugin options. --><br \/>\nA trav\u00e9s de un comunicado, la Sociedad Rural de San Pedro expres\u00f3 \u201csu profundo dolor por el fallecimiento del Sr. Juan Kissling, actual vocal de nuestra instituci\u00f3n y un compa\u00f1ero de lucha y defensa del sector durante d\u00e9cadas\u201d.<br \/>\n\u201cAcompa\u00f1amos a su familia y a todos los que lo recordar\u00e1n con afecto y gratitud por su trayectoria y compromiso con la producci\u00f3n. En esta hora, recordamos tambi\u00e9n aquellos d\u00edas dif\u00edciles en los que junto a otros dirigentes agropecuarios defendieron con su cuerpo la delicada situaci\u00f3n que nos llev\u00f3 a una larga permanencia a la vera de la ruta\u201d, aseguraron desde la entidad.<\/p>\n<p>\u201cDesde la Comisi\u00f3n Directiva de la Sociedad Rural de San Pedro elevamos una oraci\u00f3n por su descanso y acompa\u00f1aremos esta tarde a las 17 su sepelio en el Cementerio de nuestra ciudad\u201d, finaliza el comunicado.<\/p>\n","protected":false},"excerpt":{"rendered":"<p>A trav\u00e9s de un comunicado, la Sociedad Rural de San Pedro expres\u00f3 \u201csu profundo dolor por el fallecimiento del Sr. Juan Kissling, actual vocal de nuestra instituci\u00f3n y un compa\u00f1ero de lucha y defensa del sector durante d\u00e9cadas\u201d. \u201cAcompa\u00f1amos a su familia y a todos los que lo recordar\u00e1n con afecto y gratitud por su [&hellip;]<\/p>\n","protected":false},"author":4,"featured_media":9817,"comment_status":"open","ping_status":"closed","sticky":false,"template":"","format":"standard","meta":{"om_disable_all_campaigns":false,"_jetpack_memberships_contains_paid_content":false,"footnotes":""},"categories":[101,2],"tags":[],"class_list":["post-9816","post","type-post","status-publish","format-standard","has-post-thumbnail","hentry","category-interes-general-locales","category-locales"],"aioseo_notices":[],"gutentor_comment":0,"jetpack_featured_media_url":"https:\/\/eldiariodesanpedro.com.ar\/sitio\/wp-content\/uploads\/2016\/11\/juan-kissling.jpg","jetpack_shortlink":"https:\/\/wp.me\/p6RhLt-2yk","jetpack_sharing_enabled":true,"_links":{"self":[{"href":"https:\/\/eldiariodesanpedro.com.ar\/sitio\/wp-json\/wp\/v2\/posts\/9816","targetHints":{"allow":["GET"]}}],"collection":[{"href":"https:\/\/eldiariodesanpedro.com.ar\/sitio\/wp-json\/wp\/v2\/posts"}],"about":[{"href":"https:\/\/eldiariodesanpedro.com.ar\/sitio\/wp-json\/wp\/v2\/types\/post"}],"author":[{"embeddable":true,"href":"https:\/\/eldiariodesanpedro.com.ar\/sitio\/wp-json\/wp\/v2\/users\/4"}],"replies":[{"embeddable":true,"href":"https:\/\/eldiariodesanpedro.com.ar\/sitio\/wp-json\/wp\/v2\/comments?post=9816"}],"version-history":[{"count":1,"href":"https:\/\/eldiariodesanpedro.com.ar\/sitio\/wp-json\/wp\/v2\/posts\/9816\/revisions"}],"predecessor-version":[{"id":9818,"href":"https:\/\/eldiariodesanpedro.com.ar\/sitio\/wp-json\/wp\/v2\/posts\/9816\/revisions\/9818"}],"wp:featuredmedia":[{"embeddable":true,"href":"https:\/\/eldiariodesanpedro.com.ar\/sitio\/wp-json\/wp\/v2\/media\/9817"}],"wp:attachment":[{"href":"https:\/\/eldiariodesanpedro.com.ar\/sitio\/wp-json\/wp\/v2\/media?parent=9816"}],"wp:term":[{"taxonomy":"category","embeddable":true,"href":"https:\/\/eldiariodesanpedro.com.ar\/sitio\/wp-json\/wp\/v2\/categories?post=9816"},{"taxonomy":"post_tag","embeddable":true,"href":"https:\/\/eldiariodesanpedro.com.ar\/sitio\/wp-json\/wp\/v2\/tags?post=9816"}],"curies":[{"name":"wp","href":"https:\/\/api.w.org\/{rel}","templated":true}]}}