{"id":98154,"date":"2021-08-30T13:24:51","date_gmt":"2021-08-30T16:24:51","guid":{"rendered":"https:\/\/eldiariodesanpedro.com.ar\/sitio\/?p=98154"},"modified":"2021-08-30T13:24:55","modified_gmt":"2021-08-30T16:24:55","slug":"un-vehiculo-se-despisto-y-cayo-dentro-de-un-arroyo","status":"publish","type":"post","link":"https:\/\/eldiariodesanpedro.com.ar\/sitio\/un-vehiculo-se-despisto-y-cayo-dentro-de-un-arroyo\/","title":{"rendered":"Un veh\u00edculo se despist\u00f3 y cay\u00f3 dentro de un arroyo"},"content":{"rendered":"<!-- VideographyWP Plugin Message: Automatic video embedding prevented by plugin options. -->\n\n<p>Pasada la medianoche de este s\u00e1bado, por causas que se tratan de establecer, un veh\u00edculo se despist\u00f3 y cay\u00f3 en el arroyo de Colonia Velaz.<\/p>\n\n\n\n<p>Un Ford Focus, conducido por una mujer que se dirig\u00eda en direcci\u00f3n Santa Luc\u00eda a Perez Mill\u00e1n se despist\u00f3, choc\u00f3 contra uno de los paneles de contenci\u00f3n del puente conocido como \u201ccolonia velaz\u201d y termin\u00f3 cayendo al arroyo. La conductora termin\u00f3 con golpes y tuvo que ser asistida por personal de la unidad sanitaria y trasladada en ambulancia al hospital Gomendio para observaciones. Seg\u00fan algunos datos recepcionados por este medio, la mujer result\u00f3 con heridas leves y los da\u00f1os materiales del veh\u00edculo pr\u00e1cticamente en su totalidad.<\/p>\n\n\n\n<p>Actu\u00f3 polic\u00eda del destacamento de Santa Luc\u00eda.<\/p>\n\n\n\n<p>Fuente: Pone Exitos<\/p>\n\n\n\n<figure class=\"wp-block-image size-large\"><img decoding=\"async\" width=\"960\" height=\"540\" data-attachment-id=\"98157\" data-permalink=\"https:\/\/eldiariodesanpedro.com.ar\/sitio\/un-vehiculo-se-despisto-y-cayo-dentro-de-un-arroyo\/auto-en-zanjon-perez-millan-1-1\/\" data-orig-file=\"https:\/\/eldiariodesanpedro.com.ar\/sitio\/wp-content\/uploads\/2021\/08\/Auto-en-zanjon-Perez-Millan-1-1.jpg\" data-orig-size=\"960,540\" data-comments-opened=\"0\" data-image-meta=\"{&quot;aperture&quot;:&quot;0&quot;,&quot;credit&quot;:&quot;&quot;,&quot;camera&quot;:&quot;&quot;,&quot;caption&quot;:&quot;&quot;,&quot;created_timestamp&quot;:&quot;0&quot;,&quot;copyright&quot;:&quot;&quot;,&quot;focal_length&quot;:&quot;0&quot;,&quot;iso&quot;:&quot;0&quot;,&quot;shutter_speed&quot;:&quot;0&quot;,&quot;title&quot;:&quot;&quot;,&quot;orientation&quot;:&quot;0&quot;}\" data-image-title=\"Auto-en-zanjon-Perez-Millan-1-1\" data-image-description=\"\" data-image-caption=\"\" data-large-file=\"https:\/\/eldiariodesanpedro.com.ar\/sitio\/wp-content\/uploads\/2021\/08\/Auto-en-zanjon-Perez-Millan-1-1.jpg\" data-src=\"https:\/\/eldiariodesanpedro.com.ar\/sitio\/wp-content\/uploads\/2021\/08\/Auto-en-zanjon-Perez-Millan-1-1.jpg\" alt=\"\" class=\"wp-image-98157 lazyload\" data-srcset=\"https:\/\/eldiariodesanpedro.com.ar\/sitio\/wp-content\/uploads\/2021\/08\/Auto-en-zanjon-Perez-Millan-1-1.jpg 960w, https:\/\/eldiariodesanpedro.com.ar\/sitio\/wp-content\/uploads\/2021\/08\/Auto-en-zanjon-Perez-Millan-1-1-300x169.jpg 300w, https:\/\/eldiariodesanpedro.com.ar\/sitio\/wp-content\/uploads\/2021\/08\/Auto-en-zanjon-Perez-Millan-1-1-768x432.jpg 768w, https:\/\/eldiariodesanpedro.com.ar\/sitio\/wp-content\/uploads\/2021\/08\/Auto-en-zanjon-Perez-Millan-1-1-800x450.jpg 800w\" data-sizes=\"(max-width: 960px) 100vw, 960px\" src=\"data:image\/svg+xml;base64,PHN2ZyB3aWR0aD0iMSIgaGVpZ2h0PSIxIiB4bWxucz0iaHR0cDovL3d3dy53My5vcmcvMjAwMC9zdmciPjwvc3ZnPg==\" style=\"--smush-placeholder-width: 960px; --smush-placeholder-aspect-ratio: 960\/540;\" \/><\/figure>\n","protected":false},"excerpt":{"rendered":"<p>Pasada la medianoche de este s\u00e1bado, por causas que se tratan de establecer, un veh\u00edculo se despist\u00f3 y cay\u00f3 en el arroyo de Colonia Velaz. Un Ford Focus, conducido por una mujer que se dirig\u00eda en direcci\u00f3n Santa Luc\u00eda a Perez Mill\u00e1n se despist\u00f3, choc\u00f3 contra uno de los paneles de contenci\u00f3n del puente conocido [&hellip;]<\/p>\n","protected":false},"author":4,"featured_media":98156,"comment_status":"closed","ping_status":"closed","sticky":false,"template":"","format":"standard","meta":{"om_disable_all_campaigns":false,"_jetpack_memberships_contains_paid_content":false,"footnotes":""},"categories":[50,2,103],"tags":[],"class_list":["post-98154","post","type-post","status-publish","format-standard","has-post-thumbnail","hentry","category-destacadas","category-locales","category-policiales-locales"],"aioseo_notices":[],"gutentor_comment":0,"jetpack_featured_media_url":"https:\/\/eldiariodesanpedro.com.ar\/sitio\/wp-content\/uploads\/2021\/08\/Auto-en-zanjon-Perez-Millan-3.jpg","jetpack_shortlink":"https:\/\/wp.me\/p6RhLt-px8","jetpack_sharing_enabled":true,"_links":{"self":[{"href":"https:\/\/eldiariodesanpedro.com.ar\/sitio\/wp-json\/wp\/v2\/posts\/98154","targetHints":{"allow":["GET"]}}],"collection":[{"href":"https:\/\/eldiariodesanpedro.com.ar\/sitio\/wp-json\/wp\/v2\/posts"}],"about":[{"href":"https:\/\/eldiariodesanpedro.com.ar\/sitio\/wp-json\/wp\/v2\/types\/post"}],"author":[{"embeddable":true,"href":"https:\/\/eldiariodesanpedro.com.ar\/sitio\/wp-json\/wp\/v2\/users\/4"}],"replies":[{"embeddable":true,"href":"https:\/\/eldiariodesanpedro.com.ar\/sitio\/wp-json\/wp\/v2\/comments?post=98154"}],"version-history":[{"count":1,"href":"https:\/\/eldiariodesanpedro.com.ar\/sitio\/wp-json\/wp\/v2\/posts\/98154\/revisions"}],"predecessor-version":[{"id":98158,"href":"https:\/\/eldiariodesanpedro.com.ar\/sitio\/wp-json\/wp\/v2\/posts\/98154\/revisions\/98158"}],"wp:featuredmedia":[{"embeddable":true,"href":"https:\/\/eldiariodesanpedro.com.ar\/sitio\/wp-json\/wp\/v2\/media\/98156"}],"wp:attachment":[{"href":"https:\/\/eldiariodesanpedro.com.ar\/sitio\/wp-json\/wp\/v2\/media?parent=98154"}],"wp:term":[{"taxonomy":"category","embeddable":true,"href":"https:\/\/eldiariodesanpedro.com.ar\/sitio\/wp-json\/wp\/v2\/categories?post=98154"},{"taxonomy":"post_tag","embeddable":true,"href":"https:\/\/eldiariodesanpedro.com.ar\/sitio\/wp-json\/wp\/v2\/tags?post=98154"}],"curies":[{"name":"wp","href":"https:\/\/api.w.org\/{rel}","templated":true}]}}