{"id":98148,"date":"2021-08-30T12:33:13","date_gmt":"2021-08-30T15:33:13","guid":{"rendered":"https:\/\/eldiariodesanpedro.com.ar\/sitio\/?p=98148"},"modified":"2021-08-30T12:33:17","modified_gmt":"2021-08-30T15:33:17","slug":"un-jugador-de-futbol-aprehendido-en-el-partido-de-agricultores-vs-parana-por-golpear-al-referi","status":"publish","type":"post","link":"https:\/\/eldiariodesanpedro.com.ar\/sitio\/un-jugador-de-futbol-aprehendido-en-el-partido-de-agricultores-vs-parana-por-golpear-al-referi\/","title":{"rendered":"Un jugador de f\u00fatbol aprehendido en el partido de Agricultores vs Paran\u00e1 por golpear al referi"},"content":{"rendered":"<!-- VideographyWP Plugin Message: Automatic video embedding prevented by plugin options. -->\n\n<p>En la jornada de ayer mientras que se desarrollaba un partido de f\u00fatbol la polic\u00eda debi\u00f3 intervenir tras que un jugador golpeara al \u00e1rbitro.<\/p>\n\n\n\n<p>El hecho ocurri\u00f3 en horas del mediod\u00eda en el estadio municipal local donde se desarrollaba el partido entre Agricultores Vs Paran\u00e1 por la sub 21 del torneo local, cuando la polic\u00eda intervino cuando un jugador de 26 a\u00f1os de edad del club Agricultores se torno agresivo por una decisi\u00f3n arbitral golpeando al juez del partido otro ciudadano de 29 a\u00f1os de edad propin\u00e1ndole golpes de pu\u00f1o en el rostro generando lesiones leves por lo que el encuentro debi\u00f3 ser suspendido en el minuto 30 del segundo tiempo mientras el resultado era Parana 2 &#8211; Agricultores 1.<\/p>\n\n\n\n<p>En este caso intervino el juzgado de paz y adem\u00e1s el A.PRE.VI.DE quien tomara las medidas necesarias contra el jugador por la conducta antideportiva.<\/p>\n","protected":false},"excerpt":{"rendered":"<p>En la jornada de ayer mientras que se desarrollaba un partido de f\u00fatbol la polic\u00eda debi\u00f3 intervenir tras que un jugador golpeara al \u00e1rbitro. El hecho ocurri\u00f3 en horas del mediod\u00eda en el estadio municipal local donde se desarrollaba el partido entre Agricultores Vs Paran\u00e1 por la sub 21 del torneo local, cuando la polic\u00eda [&hellip;]<\/p>\n","protected":false},"author":4,"featured_media":98149,"comment_status":"closed","ping_status":"closed","sticky":false,"template":"","format":"standard","meta":{"om_disable_all_campaigns":false,"_jetpack_memberships_contains_paid_content":false,"footnotes":""},"categories":[50,2,103],"tags":[],"class_list":["post-98148","post","type-post","status-publish","format-standard","has-post-thumbnail","hentry","category-destacadas","category-locales","category-policiales-locales"],"aioseo_notices":[],"gutentor_comment":0,"jetpack_featured_media_url":"https:\/\/eldiariodesanpedro.com.ar\/sitio\/wp-content\/uploads\/2021\/08\/municipal-san-pedro06-1.jpg","jetpack_shortlink":"https:\/\/wp.me\/p6RhLt-px2","jetpack_sharing_enabled":true,"_links":{"self":[{"href":"https:\/\/eldiariodesanpedro.com.ar\/sitio\/wp-json\/wp\/v2\/posts\/98148","targetHints":{"allow":["GET"]}}],"collection":[{"href":"https:\/\/eldiariodesanpedro.com.ar\/sitio\/wp-json\/wp\/v2\/posts"}],"about":[{"href":"https:\/\/eldiariodesanpedro.com.ar\/sitio\/wp-json\/wp\/v2\/types\/post"}],"author":[{"embeddable":true,"href":"https:\/\/eldiariodesanpedro.com.ar\/sitio\/wp-json\/wp\/v2\/users\/4"}],"replies":[{"embeddable":true,"href":"https:\/\/eldiariodesanpedro.com.ar\/sitio\/wp-json\/wp\/v2\/comments?post=98148"}],"version-history":[{"count":1,"href":"https:\/\/eldiariodesanpedro.com.ar\/sitio\/wp-json\/wp\/v2\/posts\/98148\/revisions"}],"predecessor-version":[{"id":98150,"href":"https:\/\/eldiariodesanpedro.com.ar\/sitio\/wp-json\/wp\/v2\/posts\/98148\/revisions\/98150"}],"wp:featuredmedia":[{"embeddable":true,"href":"https:\/\/eldiariodesanpedro.com.ar\/sitio\/wp-json\/wp\/v2\/media\/98149"}],"wp:attachment":[{"href":"https:\/\/eldiariodesanpedro.com.ar\/sitio\/wp-json\/wp\/v2\/media?parent=98148"}],"wp:term":[{"taxonomy":"category","embeddable":true,"href":"https:\/\/eldiariodesanpedro.com.ar\/sitio\/wp-json\/wp\/v2\/categories?post=98148"},{"taxonomy":"post_tag","embeddable":true,"href":"https:\/\/eldiariodesanpedro.com.ar\/sitio\/wp-json\/wp\/v2\/tags?post=98148"}],"curies":[{"name":"wp","href":"https:\/\/api.w.org\/{rel}","templated":true}]}}