{"id":98138,"date":"2021-08-30T10:55:39","date_gmt":"2021-08-30T13:55:39","guid":{"rendered":"https:\/\/eldiariodesanpedro.com.ar\/sitio\/?p=98138"},"modified":"2021-08-30T10:55:43","modified_gmt":"2021-08-30T13:55:43","slug":"un-ciudadano-golpeo-y-lastimo-en-el-rostro-a-su-padrastro-con-un-hierrro","status":"publish","type":"post","link":"https:\/\/eldiariodesanpedro.com.ar\/sitio\/un-ciudadano-golpeo-y-lastimo-en-el-rostro-a-su-padrastro-con-un-hierrro\/","title":{"rendered":"Un ciudadano golpeo y lastimo en el rostro  a su padrastro con un hierrro"},"content":{"rendered":"<!-- VideographyWP Plugin Message: Automatic video embedding prevented by plugin options. -->\n\n<p>En la jornada de este domingo se recibi\u00f3 la denuncia al 911 por un conflicto familiar en una vivienda de calle Auli al 1100 donde se aprehendi\u00f3 a un joven que agredi\u00f3 a su padrastro con un hierro.<\/p>\n\n\n\n<p>Este domingo alrededor de las 22 horas el personal policial se hace presente en una vivienda donde los efectivos procedieron a la aprehensi\u00f3n de un sujeto de 36 a\u00f1os de edad quien momentos previos agredi\u00f3 con hierro a su padrastro de 59 a\u00f1os de edad.&nbsp;<\/p>\n\n\n\n<p>La v\u00edctima presenta lesiones en el rostro, primeros testimonios indicaron que ambas partes que viven en el mismo domicilio, mantuvieron una discusi\u00f3n verbal que fue subiendo de tono y finaliz\u00f3 con la agresi\u00f3n f\u00edsica.&nbsp;<\/p>\n\n\n\n<p>El Aprehendido permanece alojado en la comisar\u00eda local<\/p>\n","protected":false},"excerpt":{"rendered":"<p>En la jornada de este domingo se recibi\u00f3 la denuncia al 911 por un conflicto familiar en una vivienda de calle Auli al 1100 donde se aprehendi\u00f3 a un joven que agredi\u00f3 a su padrastro con un hierro. Este domingo alrededor de las 22 horas el personal policial se hace presente en una vivienda donde [&hellip;]<\/p>\n","protected":false},"author":4,"featured_media":76955,"comment_status":"closed","ping_status":"closed","sticky":false,"template":"","format":"standard","meta":{"om_disable_all_campaigns":false,"_jetpack_memberships_contains_paid_content":false,"footnotes":""},"categories":[2,103],"tags":[],"class_list":["post-98138","post","type-post","status-publish","format-standard","has-post-thumbnail","hentry","category-locales","category-policiales-locales"],"aioseo_notices":[],"gutentor_comment":0,"jetpack_featured_media_url":"https:\/\/eldiariodesanpedro.com.ar\/sitio\/wp-content\/uploads\/2020\/06\/detenido-esposado.jpg","jetpack_shortlink":"https:\/\/wp.me\/p6RhLt-pwS","jetpack_sharing_enabled":true,"_links":{"self":[{"href":"https:\/\/eldiariodesanpedro.com.ar\/sitio\/wp-json\/wp\/v2\/posts\/98138","targetHints":{"allow":["GET"]}}],"collection":[{"href":"https:\/\/eldiariodesanpedro.com.ar\/sitio\/wp-json\/wp\/v2\/posts"}],"about":[{"href":"https:\/\/eldiariodesanpedro.com.ar\/sitio\/wp-json\/wp\/v2\/types\/post"}],"author":[{"embeddable":true,"href":"https:\/\/eldiariodesanpedro.com.ar\/sitio\/wp-json\/wp\/v2\/users\/4"}],"replies":[{"embeddable":true,"href":"https:\/\/eldiariodesanpedro.com.ar\/sitio\/wp-json\/wp\/v2\/comments?post=98138"}],"version-history":[{"count":1,"href":"https:\/\/eldiariodesanpedro.com.ar\/sitio\/wp-json\/wp\/v2\/posts\/98138\/revisions"}],"predecessor-version":[{"id":98139,"href":"https:\/\/eldiariodesanpedro.com.ar\/sitio\/wp-json\/wp\/v2\/posts\/98138\/revisions\/98139"}],"wp:featuredmedia":[{"embeddable":true,"href":"https:\/\/eldiariodesanpedro.com.ar\/sitio\/wp-json\/wp\/v2\/media\/76955"}],"wp:attachment":[{"href":"https:\/\/eldiariodesanpedro.com.ar\/sitio\/wp-json\/wp\/v2\/media?parent=98138"}],"wp:term":[{"taxonomy":"category","embeddable":true,"href":"https:\/\/eldiariodesanpedro.com.ar\/sitio\/wp-json\/wp\/v2\/categories?post=98138"},{"taxonomy":"post_tag","embeddable":true,"href":"https:\/\/eldiariodesanpedro.com.ar\/sitio\/wp-json\/wp\/v2\/tags?post=98138"}],"curies":[{"name":"wp","href":"https:\/\/api.w.org\/{rel}","templated":true}]}}