{"id":98129,"date":"2021-08-30T09:55:49","date_gmt":"2021-08-30T12:55:49","guid":{"rendered":"https:\/\/eldiariodesanpedro.com.ar\/sitio\/?p=98129"},"modified":"2021-08-30T09:55:58","modified_gmt":"2021-08-30T12:55:58","slug":"hugo-cejas-presento-su-renuncia-a-la-presidencia-de-la-liga-deportiva-infantil","status":"publish","type":"post","link":"https:\/\/eldiariodesanpedro.com.ar\/sitio\/hugo-cejas-presento-su-renuncia-a-la-presidencia-de-la-liga-deportiva-infantil\/","title":{"rendered":"Hugo Cejas present\u00f3 su renuncia a la presidencia de la Liga Deportiva Infantil"},"content":{"rendered":"<!-- VideographyWP Plugin Message: Automatic video embedding prevented by plugin options. -->\n\n<p>El dirigente afronta una condena y una causa en curso por violencia de g\u00e9nero. Las entidades afiliadas hab\u00edan resuelto por mayor\u00eda solicitar su salida de la Liga.<\/p>\n\n\n\n<p>Luego de que la mayor\u00eda de los clubes y la mesa directiva resolvieran no aceptar la solicitud de licencia y directamente pedirle que renuncie a su cargo, Hugo Cejas present\u00f3 la renuncia a la presidencia de la Liga Deportiva Sampedrina.<\/p>\n\n\n\n<p>El dirigente, en medio de una condena apelada y otra causa en curso por violencia de g\u00e9nero, hab\u00eda regresado a la entidad la semana pasada tomando por sorpresa a todos cuando estaba vigente una licencia por tiempo indeterminado.<\/p>\n\n\n\n<p>Esa situaci\u00f3n provoc\u00f3 la reacci\u00f3n de las entidades afiliadas, la propia subsecretar\u00eda de G\u00e9nero y distintas asociaciones feministas.<\/p>\n\n\n\n<p>LA NOTA<br><em>\u00abPor intermedio de la presente informo a Uds., mi renuncia voluntaria al cargo de Presidente de esa instituci\u00f3n a partir de la fecha.<\/em><br><em>Quiero expresar mi agradecimiento a las instituciones que me honraron en dirigir los destinos de esa prestigiosa Liga, adem\u00e1s del acompa\u00f1amiento para que dentro de mi gesti\u00f3n se realizara una apertura a la comunidad y pasar a tener distintos departamentos como bochas, f\u00fatbol femenino, b\u00e1squet, Pesca, Atletismo, entre otros, habiendo sido mi gesti\u00f3n de puertas abiertas a toda inquietud. Agradezco por todos los momentos agradables que en la parte deportiva como en la parte del cargo que ostentaba, los clubes me hicieron vivir. No es solamente dos gestiones bajo la presidencia, tuve el honor de integrar distintos cargos desde principios de 1990, adem\u00e1s de haber sido t\u00e9cnicos de varios seleccionados, menores y mayores.\u00a0<\/em><br><em>Lamento profundamente tener que dejar, a pocos meses de cumplir con mi segundo mandato por razones externas y personales, pero sabiendo que en todo momento durante la gesti\u00f3n fue la de acompa\u00f1arlos y trabajar codo a codo junto a ustedes por el crecimiento de la liga.\u00a0<\/em><br><em>Por la presente dejo constancia que al momento de mi renuncia al cargo de Presidente, no tengo en m\u00ed poder documentaci\u00f3n alguna de la liga o dinero\u00bb.\u00a0<\/em><\/p>\n\n\n\n<p>Fuente: San Pedro Informa<\/p>\n","protected":false},"excerpt":{"rendered":"<p>El dirigente afronta una condena y una causa en curso por violencia de g\u00e9nero. Las entidades afiliadas hab\u00edan resuelto por mayor\u00eda solicitar su salida de la Liga. Luego de que la mayor\u00eda de los clubes y la mesa directiva resolvieran no aceptar la solicitud de licencia y directamente pedirle que renuncie a su cargo, Hugo [&hellip;]<\/p>\n","protected":false},"author":4,"featured_media":98130,"comment_status":"closed","ping_status":"closed","sticky":false,"template":"","format":"standard","meta":{"om_disable_all_campaigns":false,"_jetpack_memberships_contains_paid_content":false,"footnotes":""},"categories":[50,101,2],"tags":[],"class_list":["post-98129","post","type-post","status-publish","format-standard","has-post-thumbnail","hentry","category-destacadas","category-interes-general-locales","category-locales"],"aioseo_notices":[],"gutentor_comment":0,"jetpack_featured_media_url":"https:\/\/eldiariodesanpedro.com.ar\/sitio\/wp-content\/uploads\/2021\/08\/0000020264-resized-1920x1080-1.jpg","jetpack_shortlink":"https:\/\/wp.me\/p6RhLt-pwJ","jetpack_sharing_enabled":true,"_links":{"self":[{"href":"https:\/\/eldiariodesanpedro.com.ar\/sitio\/wp-json\/wp\/v2\/posts\/98129","targetHints":{"allow":["GET"]}}],"collection":[{"href":"https:\/\/eldiariodesanpedro.com.ar\/sitio\/wp-json\/wp\/v2\/posts"}],"about":[{"href":"https:\/\/eldiariodesanpedro.com.ar\/sitio\/wp-json\/wp\/v2\/types\/post"}],"author":[{"embeddable":true,"href":"https:\/\/eldiariodesanpedro.com.ar\/sitio\/wp-json\/wp\/v2\/users\/4"}],"replies":[{"embeddable":true,"href":"https:\/\/eldiariodesanpedro.com.ar\/sitio\/wp-json\/wp\/v2\/comments?post=98129"}],"version-history":[{"count":1,"href":"https:\/\/eldiariodesanpedro.com.ar\/sitio\/wp-json\/wp\/v2\/posts\/98129\/revisions"}],"predecessor-version":[{"id":98131,"href":"https:\/\/eldiariodesanpedro.com.ar\/sitio\/wp-json\/wp\/v2\/posts\/98129\/revisions\/98131"}],"wp:featuredmedia":[{"embeddable":true,"href":"https:\/\/eldiariodesanpedro.com.ar\/sitio\/wp-json\/wp\/v2\/media\/98130"}],"wp:attachment":[{"href":"https:\/\/eldiariodesanpedro.com.ar\/sitio\/wp-json\/wp\/v2\/media?parent=98129"}],"wp:term":[{"taxonomy":"category","embeddable":true,"href":"https:\/\/eldiariodesanpedro.com.ar\/sitio\/wp-json\/wp\/v2\/categories?post=98129"},{"taxonomy":"post_tag","embeddable":true,"href":"https:\/\/eldiariodesanpedro.com.ar\/sitio\/wp-json\/wp\/v2\/tags?post=98129"}],"curies":[{"name":"wp","href":"https:\/\/api.w.org\/{rel}","templated":true}]}}