{"id":98123,"date":"2021-08-30T09:22:05","date_gmt":"2021-08-30T12:22:05","guid":{"rendered":"https:\/\/eldiariodesanpedro.com.ar\/sitio\/?p=98123"},"modified":"2021-08-30T09:22:12","modified_gmt":"2021-08-30T12:22:12","slug":"nuevos-arribo-de-buques-al-puerto-local-y-trabajos-en-la-rada","status":"publish","type":"post","link":"https:\/\/eldiariodesanpedro.com.ar\/sitio\/nuevos-arribo-de-buques-al-puerto-local-y-trabajos-en-la-rada\/","title":{"rendered":"Nuevos arribo de buques al puerto local y trabajos en la rada"},"content":{"rendered":"<!-- VideographyWP Plugin Message: Automatic video embedding prevented by plugin options. -->\n\n<p>Para este lunes el Consorcio de Gesti\u00f3n del Puerto San Pedro anunci\u00f3 el arribo de dos buques, uno que trabajar\u00e1 en el muelle cabecera y otro que arrancar\u00e1 en la rada operativa.<\/p>\n\n\n\n<p>En la jornada de hoy se har\u00e1n presentes en la zona portuaria dos buques, el primer de ellos denominado Nordorinoco de bandera Portugal con una eslora de 189.99 metros con procedencia desde Ramallo y el arribo estimado seria para hoy y trabajara en la rada a la espera de disponibilidad de muelle en Nueva Palmira de Uruguay.<\/p>\n\n\n\n<p>En segunda oportunidad un remolcador denominado Bandurria y Barcazas KC 1204 y 1205\u00a0 de banderas uruguayas quienes se detendr\u00e1n en el muelle cabecera ambas barcazas consta de una medida de 29.56 y 59.20 metros y cargaran 3000 toneladas de ma\u00edz a granel para trasladar a Uruguay<\/p>\n\n\n\n<p><strong>RADA OPERATIVA<br><\/strong>BUQUE: NORDORINOCO<br>BANDERA: Portugal<br>ESLORA: 189.99 MTS<br>PROCEDENCIA: Ramallo<br>ARRIBO ESTIMADO: 30-08-21 PM<br>OPERATORIA: Espera de disponibilidad de muelle en Nueva Palmira, Uruguay.<\/p>\n\n\n\n<p><strong>MUELLE CABECERA<br><\/strong>REMOLCADOR BANDURRIA Y BARCAZAS KC 1204 Y 1205<br>BANDERA: Uruguaya<br>ESLORA: 29.56 y 59.20 MTS<br>PROCEDENCIA: Uruguay<br>MUELLE: Cabecera<br>ARRIBO ESTIMADO: 30-08-21 AM<br>MERCADERIA:3000 toneladas de ma\u00edz a granel<br>DESTINO: &nbsp;Uruguay<\/p>\n","protected":false},"excerpt":{"rendered":"<p>Para este lunes el Consorcio de Gesti\u00f3n del Puerto San Pedro anunci\u00f3 el arribo de dos buques, uno que trabajar\u00e1 en el muelle cabecera y otro que arrancar\u00e1 en la rada operativa. En la jornada de hoy se har\u00e1n presentes en la zona portuaria dos buques, el primer de ellos denominado Nordorinoco de bandera Portugal [&hellip;]<\/p>\n","protected":false},"author":4,"featured_media":98124,"comment_status":"closed","ping_status":"closed","sticky":false,"template":"","format":"standard","meta":{"om_disable_all_campaigns":false,"_jetpack_memberships_contains_paid_content":false,"footnotes":""},"categories":[101,2],"tags":[],"class_list":["post-98123","post","type-post","status-publish","format-standard","has-post-thumbnail","hentry","category-interes-general-locales","category-locales"],"aioseo_notices":[],"gutentor_comment":0,"jetpack_featured_media_url":"https:\/\/eldiariodesanpedro.com.ar\/sitio\/wp-content\/uploads\/2021\/08\/1-3.jpg","jetpack_shortlink":"https:\/\/wp.me\/p6RhLt-pwD","jetpack_sharing_enabled":true,"_links":{"self":[{"href":"https:\/\/eldiariodesanpedro.com.ar\/sitio\/wp-json\/wp\/v2\/posts\/98123","targetHints":{"allow":["GET"]}}],"collection":[{"href":"https:\/\/eldiariodesanpedro.com.ar\/sitio\/wp-json\/wp\/v2\/posts"}],"about":[{"href":"https:\/\/eldiariodesanpedro.com.ar\/sitio\/wp-json\/wp\/v2\/types\/post"}],"author":[{"embeddable":true,"href":"https:\/\/eldiariodesanpedro.com.ar\/sitio\/wp-json\/wp\/v2\/users\/4"}],"replies":[{"embeddable":true,"href":"https:\/\/eldiariodesanpedro.com.ar\/sitio\/wp-json\/wp\/v2\/comments?post=98123"}],"version-history":[{"count":1,"href":"https:\/\/eldiariodesanpedro.com.ar\/sitio\/wp-json\/wp\/v2\/posts\/98123\/revisions"}],"predecessor-version":[{"id":98125,"href":"https:\/\/eldiariodesanpedro.com.ar\/sitio\/wp-json\/wp\/v2\/posts\/98123\/revisions\/98125"}],"wp:featuredmedia":[{"embeddable":true,"href":"https:\/\/eldiariodesanpedro.com.ar\/sitio\/wp-json\/wp\/v2\/media\/98124"}],"wp:attachment":[{"href":"https:\/\/eldiariodesanpedro.com.ar\/sitio\/wp-json\/wp\/v2\/media?parent=98123"}],"wp:term":[{"taxonomy":"category","embeddable":true,"href":"https:\/\/eldiariodesanpedro.com.ar\/sitio\/wp-json\/wp\/v2\/categories?post=98123"},{"taxonomy":"post_tag","embeddable":true,"href":"https:\/\/eldiariodesanpedro.com.ar\/sitio\/wp-json\/wp\/v2\/tags?post=98123"}],"curies":[{"name":"wp","href":"https:\/\/api.w.org\/{rel}","templated":true}]}}