{"id":98118,"date":"2021-08-28T20:27:50","date_gmt":"2021-08-28T23:27:50","guid":{"rendered":"https:\/\/eldiariodesanpedro.com.ar\/sitio\/?p=98118"},"modified":"2021-08-28T20:27:54","modified_gmt":"2021-08-28T23:27:54","slug":"pedido-de-oracion-para-betiana-cariaga-que-se-encuentra-internada-en-pergamino","status":"publish","type":"post","link":"https:\/\/eldiariodesanpedro.com.ar\/sitio\/pedido-de-oracion-para-betiana-cariaga-que-se-encuentra-internada-en-pergamino\/","title":{"rendered":"Pedido de oraci\u00f3n para Betiana Cariaga que se encuentra internada en Pergamino"},"content":{"rendered":"<!-- VideographyWP Plugin Message: Automatic video embedding prevented by plugin options. -->\n\n<p>En la tarde de ayer la joven de 26 a\u00f1os de edad sufrio un grave accidente de transito donde fue envestida por una camioneta en calle Romulo Naohn y Olivera Cesar, al recibir el impacto Betiana quedo inconciente, porm lo que fue trasladada rapidamente al nosocomio local donde tras estudios se determino que sufrio un derrame cerebral por lo que fue trasladada a un centro de mayor complejidad en Pergamino donde se encuentra luchando por su vida.<\/p>\n\n\n\n<p>La familia de la joven pidi\u00f3 cadena de oraci\u00f3n para darle fuerzas: <em>Vamos hermanita tenes que ser fuerte y ponerte bien, vas a salir de esta! Pido cadena de oraci\u00f3n para mi hermana Betiana Cariaga que est\u00e1 en coma con traumatismo de cr\u00e1neo y la van a trasladar, no importa de que religi\u00f3n sean solo les pido una oraci\u00f3n para ella y las mejores vibras para que se reponga y vuelva con nosotros. Mami desde el cielo ay\u00fadala no permitas que nada le pase a tu nena\u00a0&#x1f625;\u00a0y dale fuerzas porfa\u00a0&#x1f64f;<\/em><\/p>\n\n\n\n<p><\/p>\n","protected":false},"excerpt":{"rendered":"<p>En la tarde de ayer la joven de 26 a\u00f1os de edad sufrio un grave accidente de transito donde fue envestida por una camioneta en calle Romulo Naohn y Olivera Cesar, al recibir el impacto Betiana quedo inconciente, porm lo que fue trasladada rapidamente al nosocomio local donde tras estudios se determino que sufrio un [&hellip;]<\/p>\n","protected":false},"author":4,"featured_media":98119,"comment_status":"closed","ping_status":"closed","sticky":false,"template":"","format":"standard","meta":{"om_disable_all_campaigns":false,"_jetpack_memberships_contains_paid_content":false,"footnotes":""},"categories":[50,101,2],"tags":[],"class_list":["post-98118","post","type-post","status-publish","format-standard","has-post-thumbnail","hentry","category-destacadas","category-interes-general-locales","category-locales"],"aioseo_notices":[],"gutentor_comment":0,"jetpack_featured_media_url":"https:\/\/eldiariodesanpedro.com.ar\/sitio\/wp-content\/uploads\/2021\/08\/67391069_1807524032727544_1402627338373431296_n-1.jpg","jetpack_shortlink":"https:\/\/wp.me\/p6RhLt-pwy","jetpack_sharing_enabled":true,"_links":{"self":[{"href":"https:\/\/eldiariodesanpedro.com.ar\/sitio\/wp-json\/wp\/v2\/posts\/98118","targetHints":{"allow":["GET"]}}],"collection":[{"href":"https:\/\/eldiariodesanpedro.com.ar\/sitio\/wp-json\/wp\/v2\/posts"}],"about":[{"href":"https:\/\/eldiariodesanpedro.com.ar\/sitio\/wp-json\/wp\/v2\/types\/post"}],"author":[{"embeddable":true,"href":"https:\/\/eldiariodesanpedro.com.ar\/sitio\/wp-json\/wp\/v2\/users\/4"}],"replies":[{"embeddable":true,"href":"https:\/\/eldiariodesanpedro.com.ar\/sitio\/wp-json\/wp\/v2\/comments?post=98118"}],"version-history":[{"count":1,"href":"https:\/\/eldiariodesanpedro.com.ar\/sitio\/wp-json\/wp\/v2\/posts\/98118\/revisions"}],"predecessor-version":[{"id":98120,"href":"https:\/\/eldiariodesanpedro.com.ar\/sitio\/wp-json\/wp\/v2\/posts\/98118\/revisions\/98120"}],"wp:featuredmedia":[{"embeddable":true,"href":"https:\/\/eldiariodesanpedro.com.ar\/sitio\/wp-json\/wp\/v2\/media\/98119"}],"wp:attachment":[{"href":"https:\/\/eldiariodesanpedro.com.ar\/sitio\/wp-json\/wp\/v2\/media?parent=98118"}],"wp:term":[{"taxonomy":"category","embeddable":true,"href":"https:\/\/eldiariodesanpedro.com.ar\/sitio\/wp-json\/wp\/v2\/categories?post=98118"},{"taxonomy":"post_tag","embeddable":true,"href":"https:\/\/eldiariodesanpedro.com.ar\/sitio\/wp-json\/wp\/v2\/tags?post=98118"}],"curies":[{"name":"wp","href":"https:\/\/api.w.org\/{rel}","templated":true}]}}