{"id":98115,"date":"2021-08-28T20:16:02","date_gmt":"2021-08-28T23:16:02","guid":{"rendered":"https:\/\/eldiariodesanpedro.com.ar\/sitio\/?p=98115"},"modified":"2021-08-28T20:16:11","modified_gmt":"2021-08-28T23:16:11","slug":"finalizaron-los-trabajos-del-operativo-realizado-en-los-incendios-de-la-isla","status":"publish","type":"post","link":"https:\/\/eldiariodesanpedro.com.ar\/sitio\/finalizaron-los-trabajos-del-operativo-realizado-en-los-incendios-de-la-isla\/","title":{"rendered":"Finalizaron los trabajos del operativo realizado en los incendios de la Isla"},"content":{"rendered":"<!-- VideographyWP Plugin Message: Automatic video embedding prevented by plugin options. -->\n\n<p>La municipalidad de San Pedro informa que se dieron por concluidos los trabajos realizados para sofocar los incendios producidos en Islas ubicadas en la vecina provincia de Entre R\u00edos.<\/p>\n\n\n\n<p>Desde comienzo de semana arribaron a la ciudad 25 personas para ejecutar el operativo dispuesto por Defensa Civil para llevarlo a cabo en San Pedro por una cuesti\u00f3n estrat\u00e9gica y as\u00ed combatir los incendios que se desarrollaron en la jurisdicci\u00f3n de Entre R\u00edos con la ayuda de un helic\u00f3ptero UH HUEY2 AE 466.<\/p>\n\n\n\n<p>En un operativo dispuesto por Claudio Fabi\u00e1n Dayde, Coordinador T\u00e9cnico Provincial de Defensa Civil Entre R\u00edos del que participaron 4 miembros del equipo de Defensa Civil, 10 efectivos de la Polic\u00eda Federal, 5 efectivos de Polic\u00eda de Entre R\u00edos y 6 efectivos del Ej\u00e9rcito que permanecieron alojados en el predio del Tiro Federal perteneciente al Municipio, quien se encarg\u00f3 de brindarles alojamiento y asistencia durante el desarrollo de los trabajos dispuestos para combatir los incendios.<\/p>\n\n\n\n<p>Una vez conseguido sofocar el fuego, los miembros de las fuerzas de seguridad apostadas en la ciudad se retiraron agradeciendo al municipio por toda la colaboraci\u00f3n y apoyo que le fue brindado para el trabajado desplegado en la zona, tratando as\u00ed de contribuir en el esfuerzo por combatir las graves consecuencias que tienen estos focos, tanto en la zona afectada, como en las ciudades que est\u00e1n cercanas y en este caso las dificultades que gener\u00f3 el humo sobre nuestra costa y nuestra ciudad.<\/p>\n","protected":false},"excerpt":{"rendered":"<p>La municipalidad de San Pedro informa que se dieron por concluidos los trabajos realizados para sofocar los incendios producidos en Islas ubicadas en la vecina provincia de Entre R\u00edos. Desde comienzo de semana arribaron a la ciudad 25 personas para ejecutar el operativo dispuesto por Defensa Civil para llevarlo a cabo en San Pedro por [&hellip;]<\/p>\n","protected":false},"author":4,"featured_media":98116,"comment_status":"closed","ping_status":"closed","sticky":false,"template":"","format":"standard","meta":{"om_disable_all_campaigns":false,"_jetpack_memberships_contains_paid_content":false,"footnotes":""},"categories":[2],"tags":[],"class_list":["post-98115","post","type-post","status-publish","format-standard","has-post-thumbnail","hentry","category-locales"],"aioseo_notices":[],"gutentor_comment":0,"jetpack_featured_media_url":"https:\/\/eldiariodesanpedro.com.ar\/sitio\/wp-content\/uploads\/2021\/08\/DSC_0414-scaled.jpg","jetpack_shortlink":"https:\/\/wp.me\/p6RhLt-pwv","jetpack_sharing_enabled":true,"_links":{"self":[{"href":"https:\/\/eldiariodesanpedro.com.ar\/sitio\/wp-json\/wp\/v2\/posts\/98115","targetHints":{"allow":["GET"]}}],"collection":[{"href":"https:\/\/eldiariodesanpedro.com.ar\/sitio\/wp-json\/wp\/v2\/posts"}],"about":[{"href":"https:\/\/eldiariodesanpedro.com.ar\/sitio\/wp-json\/wp\/v2\/types\/post"}],"author":[{"embeddable":true,"href":"https:\/\/eldiariodesanpedro.com.ar\/sitio\/wp-json\/wp\/v2\/users\/4"}],"replies":[{"embeddable":true,"href":"https:\/\/eldiariodesanpedro.com.ar\/sitio\/wp-json\/wp\/v2\/comments?post=98115"}],"version-history":[{"count":1,"href":"https:\/\/eldiariodesanpedro.com.ar\/sitio\/wp-json\/wp\/v2\/posts\/98115\/revisions"}],"predecessor-version":[{"id":98117,"href":"https:\/\/eldiariodesanpedro.com.ar\/sitio\/wp-json\/wp\/v2\/posts\/98115\/revisions\/98117"}],"wp:featuredmedia":[{"embeddable":true,"href":"https:\/\/eldiariodesanpedro.com.ar\/sitio\/wp-json\/wp\/v2\/media\/98116"}],"wp:attachment":[{"href":"https:\/\/eldiariodesanpedro.com.ar\/sitio\/wp-json\/wp\/v2\/media?parent=98115"}],"wp:term":[{"taxonomy":"category","embeddable":true,"href":"https:\/\/eldiariodesanpedro.com.ar\/sitio\/wp-json\/wp\/v2\/categories?post=98115"},{"taxonomy":"post_tag","embeddable":true,"href":"https:\/\/eldiariodesanpedro.com.ar\/sitio\/wp-json\/wp\/v2\/tags?post=98115"}],"curies":[{"name":"wp","href":"https:\/\/api.w.org\/{rel}","templated":true}]}}