{"id":98108,"date":"2021-08-28T17:56:54","date_gmt":"2021-08-28T20:56:54","guid":{"rendered":"https:\/\/eldiariodesanpedro.com.ar\/sitio\/?p=98108"},"modified":"2021-08-28T17:56:59","modified_gmt":"2021-08-28T20:56:59","slug":"violencia-de-genero-una-mujer-ataco-con-un-cuchillo-a-su-pareja-provocando-lesiones","status":"publish","type":"post","link":"https:\/\/eldiariodesanpedro.com.ar\/sitio\/violencia-de-genero-una-mujer-ataco-con-un-cuchillo-a-su-pareja-provocando-lesiones\/","title":{"rendered":"Violencia de G\u00e9nero: una mujer atac\u00f3 con un cuchillo a su pareja provocando lesiones"},"content":{"rendered":"<!-- VideographyWP Plugin Message: Automatic video embedding prevented by plugin options. -->\n\n<p>Este s\u00e1bado en horas de la noche la polic\u00eda tuvo que intervenir en un nuevo conflicto de familia donde una mujer atac\u00f3 a su pareja con un cuchillo.<\/p>\n\n\n\n<p>Ayer en horas de la noche m\u00f3viles policiales se tuvieron que hacer presentes en una vivienda ubicada en calle Ayacucho al 1500 donde se logr\u00f3 la aprehensi\u00f3n de una femenina de 29 a\u00f1os de edad quien atac\u00f3 con un cuchillo a su pareja un joven de 24 a\u00f1os de edad quien recibi\u00f3 lesiones y amenazas.<\/p>\n\n\n\n<p>El ciudadano fue trasladado al hospital y la mujer a la comisar\u00eda local donde permanecer\u00e1 alojada.<\/p>\n","protected":false},"excerpt":{"rendered":"<p>Este s\u00e1bado en horas de la noche la polic\u00eda tuvo que intervenir en un nuevo conflicto de familia donde una mujer atac\u00f3 a su pareja con un cuchillo. Ayer en horas de la noche m\u00f3viles policiales se tuvieron que hacer presentes en una vivienda ubicada en calle Ayacucho al 1500 donde se logr\u00f3 la aprehensi\u00f3n [&hellip;]<\/p>\n","protected":false},"author":4,"featured_media":98109,"comment_status":"closed","ping_status":"closed","sticky":false,"template":"","format":"standard","meta":{"om_disable_all_campaigns":false,"_jetpack_memberships_contains_paid_content":false,"footnotes":""},"categories":[2,103],"tags":[],"class_list":["post-98108","post","type-post","status-publish","format-standard","has-post-thumbnail","hentry","category-locales","category-policiales-locales"],"aioseo_notices":[],"gutentor_comment":0,"jetpack_featured_media_url":"https:\/\/eldiariodesanpedro.com.ar\/sitio\/wp-content\/uploads\/2021\/08\/medida-23.jpg","jetpack_shortlink":"https:\/\/wp.me\/p6RhLt-pwo","jetpack_sharing_enabled":true,"_links":{"self":[{"href":"https:\/\/eldiariodesanpedro.com.ar\/sitio\/wp-json\/wp\/v2\/posts\/98108","targetHints":{"allow":["GET"]}}],"collection":[{"href":"https:\/\/eldiariodesanpedro.com.ar\/sitio\/wp-json\/wp\/v2\/posts"}],"about":[{"href":"https:\/\/eldiariodesanpedro.com.ar\/sitio\/wp-json\/wp\/v2\/types\/post"}],"author":[{"embeddable":true,"href":"https:\/\/eldiariodesanpedro.com.ar\/sitio\/wp-json\/wp\/v2\/users\/4"}],"replies":[{"embeddable":true,"href":"https:\/\/eldiariodesanpedro.com.ar\/sitio\/wp-json\/wp\/v2\/comments?post=98108"}],"version-history":[{"count":1,"href":"https:\/\/eldiariodesanpedro.com.ar\/sitio\/wp-json\/wp\/v2\/posts\/98108\/revisions"}],"predecessor-version":[{"id":98110,"href":"https:\/\/eldiariodesanpedro.com.ar\/sitio\/wp-json\/wp\/v2\/posts\/98108\/revisions\/98110"}],"wp:featuredmedia":[{"embeddable":true,"href":"https:\/\/eldiariodesanpedro.com.ar\/sitio\/wp-json\/wp\/v2\/media\/98109"}],"wp:attachment":[{"href":"https:\/\/eldiariodesanpedro.com.ar\/sitio\/wp-json\/wp\/v2\/media?parent=98108"}],"wp:term":[{"taxonomy":"category","embeddable":true,"href":"https:\/\/eldiariodesanpedro.com.ar\/sitio\/wp-json\/wp\/v2\/categories?post=98108"},{"taxonomy":"post_tag","embeddable":true,"href":"https:\/\/eldiariodesanpedro.com.ar\/sitio\/wp-json\/wp\/v2\/tags?post=98108"}],"curies":[{"name":"wp","href":"https:\/\/api.w.org\/{rel}","templated":true}]}}