{"id":98105,"date":"2021-08-28T17:32:44","date_gmt":"2021-08-28T20:32:44","guid":{"rendered":"https:\/\/eldiariodesanpedro.com.ar\/sitio\/?p=98105"},"modified":"2021-08-28T17:32:45","modified_gmt":"2021-08-28T20:32:45","slug":"un-ciudadano-aprehendido-por-que-se-metio-en-una-vivienda-para-agredir-a-su-morador","status":"publish","type":"post","link":"https:\/\/eldiariodesanpedro.com.ar\/sitio\/un-ciudadano-aprehendido-por-que-se-metio-en-una-vivienda-para-agredir-a-su-morador\/","title":{"rendered":"Un ciudadano aprehendido por que se meti\u00f3 en una vivienda para agredir a su morador"},"content":{"rendered":"<!-- VideographyWP Plugin Message: Automatic video embedding prevented by plugin options. -->\n\n<p>Este viernes la polic\u00eda de nuestra ciudad realiz\u00f3 la aprehensi\u00f3n de un ciudadano mayor de edad que ingres\u00f3 sin permiso a una vivienda donde amenaz\u00f3 a su propietario.<\/p>\n\n\n\n<p>El hecho ocurri\u00f3 en horas de la noche de este viernes en una vivienda ubicada en calle Larralde al 1200 cuando un sujeto de 26 a\u00f1os ingres\u00f3 a la propiedad de un masculino de 33 a\u00f1os, solamente con la intenci\u00f3n de agredir sin causar da\u00f1os refiriendo amenazas e insultos.<\/p>\n","protected":false},"excerpt":{"rendered":"<p>Este viernes la polic\u00eda de nuestra ciudad realiz\u00f3 la aprehensi\u00f3n de un ciudadano mayor de edad que ingres\u00f3 sin permiso a una vivienda donde amenaz\u00f3 a su propietario. El hecho ocurri\u00f3 en horas de la noche de este viernes en una vivienda ubicada en calle Larralde al 1200 cuando un sujeto de 26 a\u00f1os ingres\u00f3 [&hellip;]<\/p>\n","protected":false},"author":4,"featured_media":98106,"comment_status":"closed","ping_status":"closed","sticky":false,"template":"","format":"standard","meta":{"om_disable_all_campaigns":false,"_jetpack_memberships_contains_paid_content":false,"footnotes":""},"categories":[2,103],"tags":[],"class_list":["post-98105","post","type-post","status-publish","format-standard","has-post-thumbnail","hentry","category-locales","category-policiales-locales"],"aioseo_notices":[],"gutentor_comment":0,"jetpack_featured_media_url":"https:\/\/eldiariodesanpedro.com.ar\/sitio\/wp-content\/uploads\/2021\/08\/medida-22.jpg","jetpack_shortlink":"https:\/\/wp.me\/p6RhLt-pwl","jetpack_sharing_enabled":true,"_links":{"self":[{"href":"https:\/\/eldiariodesanpedro.com.ar\/sitio\/wp-json\/wp\/v2\/posts\/98105","targetHints":{"allow":["GET"]}}],"collection":[{"href":"https:\/\/eldiariodesanpedro.com.ar\/sitio\/wp-json\/wp\/v2\/posts"}],"about":[{"href":"https:\/\/eldiariodesanpedro.com.ar\/sitio\/wp-json\/wp\/v2\/types\/post"}],"author":[{"embeddable":true,"href":"https:\/\/eldiariodesanpedro.com.ar\/sitio\/wp-json\/wp\/v2\/users\/4"}],"replies":[{"embeddable":true,"href":"https:\/\/eldiariodesanpedro.com.ar\/sitio\/wp-json\/wp\/v2\/comments?post=98105"}],"version-history":[{"count":1,"href":"https:\/\/eldiariodesanpedro.com.ar\/sitio\/wp-json\/wp\/v2\/posts\/98105\/revisions"}],"predecessor-version":[{"id":98107,"href":"https:\/\/eldiariodesanpedro.com.ar\/sitio\/wp-json\/wp\/v2\/posts\/98105\/revisions\/98107"}],"wp:featuredmedia":[{"embeddable":true,"href":"https:\/\/eldiariodesanpedro.com.ar\/sitio\/wp-json\/wp\/v2\/media\/98106"}],"wp:attachment":[{"href":"https:\/\/eldiariodesanpedro.com.ar\/sitio\/wp-json\/wp\/v2\/media?parent=98105"}],"wp:term":[{"taxonomy":"category","embeddable":true,"href":"https:\/\/eldiariodesanpedro.com.ar\/sitio\/wp-json\/wp\/v2\/categories?post=98105"},{"taxonomy":"post_tag","embeddable":true,"href":"https:\/\/eldiariodesanpedro.com.ar\/sitio\/wp-json\/wp\/v2\/tags?post=98105"}],"curies":[{"name":"wp","href":"https:\/\/api.w.org\/{rel}","templated":true}]}}