{"id":98102,"date":"2021-08-28T17:24:00","date_gmt":"2021-08-28T20:24:00","guid":{"rendered":"https:\/\/eldiariodesanpedro.com.ar\/sitio\/?p=98102"},"modified":"2021-08-28T17:24:09","modified_gmt":"2021-08-28T20:24:09","slug":"clausuran-restaurante-en-rio-tala-que-funcionaba-como-boliche-bailable","status":"publish","type":"post","link":"https:\/\/eldiariodesanpedro.com.ar\/sitio\/clausuran-restaurante-en-rio-tala-que-funcionaba-como-boliche-bailable\/","title":{"rendered":"Clausuran restaurante en R\u00edo Tala que funcionaba como boliche bailable"},"content":{"rendered":"<!-- VideographyWP Plugin Message: Automatic video embedding prevented by plugin options. -->\n\n<p>En la noche de este viernes en la vecina localidad de R\u00edo Tala se hace presente el personal de inspecci\u00f3n de la municipalidad acompa\u00f1ado por el personal policial en calle Camelino n\u00b0500, procede a la clausura de local restaurant, por agregaci\u00f3n de rubro sin autorizaci\u00f3n, por funcionar como boliche bailable y por carecer de limitador de sonido.<\/p>\n\n\n\n<p>&nbsp;Interviene juzgado de faltas local por la Infracci\u00f3n a la ordenanza 3884\/85 art.107<\/p>\n","protected":false},"excerpt":{"rendered":"<p>En la noche de este viernes en la vecina localidad de R\u00edo Tala se hace presente el personal de inspecci\u00f3n de la municipalidad acompa\u00f1ado por el personal policial en calle Camelino n\u00b0500, procede a la clausura de local restaurant, por agregaci\u00f3n de rubro sin autorizaci\u00f3n, por funcionar como boliche bailable y por carecer de limitador [&hellip;]<\/p>\n","protected":false},"author":4,"featured_media":98103,"comment_status":"closed","ping_status":"closed","sticky":false,"template":"","format":"standard","meta":{"om_disable_all_campaigns":false,"_jetpack_memberships_contains_paid_content":false,"footnotes":""},"categories":[2,103],"tags":[],"class_list":["post-98102","post","type-post","status-publish","format-standard","has-post-thumbnail","hentry","category-locales","category-policiales-locales"],"aioseo_notices":[],"gutentor_comment":0,"jetpack_featured_media_url":"https:\/\/eldiariodesanpedro.com.ar\/sitio\/wp-content\/uploads\/2021\/08\/medida-21.jpg","jetpack_shortlink":"https:\/\/wp.me\/p6RhLt-pwi","jetpack_sharing_enabled":true,"_links":{"self":[{"href":"https:\/\/eldiariodesanpedro.com.ar\/sitio\/wp-json\/wp\/v2\/posts\/98102","targetHints":{"allow":["GET"]}}],"collection":[{"href":"https:\/\/eldiariodesanpedro.com.ar\/sitio\/wp-json\/wp\/v2\/posts"}],"about":[{"href":"https:\/\/eldiariodesanpedro.com.ar\/sitio\/wp-json\/wp\/v2\/types\/post"}],"author":[{"embeddable":true,"href":"https:\/\/eldiariodesanpedro.com.ar\/sitio\/wp-json\/wp\/v2\/users\/4"}],"replies":[{"embeddable":true,"href":"https:\/\/eldiariodesanpedro.com.ar\/sitio\/wp-json\/wp\/v2\/comments?post=98102"}],"version-history":[{"count":1,"href":"https:\/\/eldiariodesanpedro.com.ar\/sitio\/wp-json\/wp\/v2\/posts\/98102\/revisions"}],"predecessor-version":[{"id":98104,"href":"https:\/\/eldiariodesanpedro.com.ar\/sitio\/wp-json\/wp\/v2\/posts\/98102\/revisions\/98104"}],"wp:featuredmedia":[{"embeddable":true,"href":"https:\/\/eldiariodesanpedro.com.ar\/sitio\/wp-json\/wp\/v2\/media\/98103"}],"wp:attachment":[{"href":"https:\/\/eldiariodesanpedro.com.ar\/sitio\/wp-json\/wp\/v2\/media?parent=98102"}],"wp:term":[{"taxonomy":"category","embeddable":true,"href":"https:\/\/eldiariodesanpedro.com.ar\/sitio\/wp-json\/wp\/v2\/categories?post=98102"},{"taxonomy":"post_tag","embeddable":true,"href":"https:\/\/eldiariodesanpedro.com.ar\/sitio\/wp-json\/wp\/v2\/tags?post=98102"}],"curies":[{"name":"wp","href":"https:\/\/api.w.org\/{rel}","templated":true}]}}