{"id":98100,"date":"2021-08-28T16:52:03","date_gmt":"2021-08-28T19:52:03","guid":{"rendered":"https:\/\/eldiariodesanpedro.com.ar\/sitio\/?p=98100"},"modified":"2021-08-28T16:52:07","modified_gmt":"2021-08-28T19:52:07","slug":"cinco-jovenes-aprehendidos-por-causar-destrozos-en-una-plantacion-en-un-vivero","status":"publish","type":"post","link":"https:\/\/eldiariodesanpedro.com.ar\/sitio\/cinco-jovenes-aprehendidos-por-causar-destrozos-en-una-plantacion-en-un-vivero\/","title":{"rendered":"Cinco jovenes aprehendidos por causar destrozos en una plantacion en un vivero"},"content":{"rendered":"<!-- VideographyWP Plugin Message: Automatic video embedding prevented by plugin options. -->\n\n<p>El personal policial se hizo presente en Callej\u00f3n Pascual S\/N de la zona rural donde se aprehendi\u00f3 a 5 masculinos de 16, 17,18,19 y 18 a\u00f1os quienes causaron da\u00f1os en plantaci\u00f3n de vivero ubicado en el lugar del hecho, propiedad de masculino de 19 a\u00f1os quien radic\u00f3 denuncia.<\/p>\n\n\n\n<p>Intervino la justicia de menores de San Nicol\u00e1s<\/p>\n","protected":false},"excerpt":{"rendered":"<p>El personal policial se hizo presente en Callej\u00f3n Pascual S\/N de la zona rural donde se aprehendi\u00f3 a 5 masculinos de 16, 17,18,19 y 18 a\u00f1os quienes causaron da\u00f1os en plantaci\u00f3n de vivero ubicado en el lugar del hecho, propiedad de masculino de 19 a\u00f1os quien radic\u00f3 denuncia. Intervino la justicia de menores de San [&hellip;]<\/p>\n","protected":false},"author":4,"featured_media":45394,"comment_status":"closed","ping_status":"closed","sticky":false,"template":"","format":"standard","meta":{"om_disable_all_campaigns":false,"_jetpack_memberships_contains_paid_content":false,"footnotes":""},"categories":[2,103],"tags":[],"class_list":["post-98100","post","type-post","status-publish","format-standard","has-post-thumbnail","hentry","category-locales","category-policiales-locales"],"aioseo_notices":[],"gutentor_comment":0,"jetpack_featured_media_url":"https:\/\/eldiariodesanpedro.com.ar\/sitio\/wp-content\/uploads\/2019\/01\/comisaria.jpg","jetpack_shortlink":"https:\/\/wp.me\/p6RhLt-pwg","jetpack_sharing_enabled":true,"_links":{"self":[{"href":"https:\/\/eldiariodesanpedro.com.ar\/sitio\/wp-json\/wp\/v2\/posts\/98100","targetHints":{"allow":["GET"]}}],"collection":[{"href":"https:\/\/eldiariodesanpedro.com.ar\/sitio\/wp-json\/wp\/v2\/posts"}],"about":[{"href":"https:\/\/eldiariodesanpedro.com.ar\/sitio\/wp-json\/wp\/v2\/types\/post"}],"author":[{"embeddable":true,"href":"https:\/\/eldiariodesanpedro.com.ar\/sitio\/wp-json\/wp\/v2\/users\/4"}],"replies":[{"embeddable":true,"href":"https:\/\/eldiariodesanpedro.com.ar\/sitio\/wp-json\/wp\/v2\/comments?post=98100"}],"version-history":[{"count":1,"href":"https:\/\/eldiariodesanpedro.com.ar\/sitio\/wp-json\/wp\/v2\/posts\/98100\/revisions"}],"predecessor-version":[{"id":98101,"href":"https:\/\/eldiariodesanpedro.com.ar\/sitio\/wp-json\/wp\/v2\/posts\/98100\/revisions\/98101"}],"wp:featuredmedia":[{"embeddable":true,"href":"https:\/\/eldiariodesanpedro.com.ar\/sitio\/wp-json\/wp\/v2\/media\/45394"}],"wp:attachment":[{"href":"https:\/\/eldiariodesanpedro.com.ar\/sitio\/wp-json\/wp\/v2\/media?parent=98100"}],"wp:term":[{"taxonomy":"category","embeddable":true,"href":"https:\/\/eldiariodesanpedro.com.ar\/sitio\/wp-json\/wp\/v2\/categories?post=98100"},{"taxonomy":"post_tag","embeddable":true,"href":"https:\/\/eldiariodesanpedro.com.ar\/sitio\/wp-json\/wp\/v2\/tags?post=98100"}],"curies":[{"name":"wp","href":"https:\/\/api.w.org\/{rel}","templated":true}]}}