{"id":98096,"date":"2021-08-28T16:37:42","date_gmt":"2021-08-28T19:37:42","guid":{"rendered":"https:\/\/eldiariodesanpedro.com.ar\/sitio\/?p=98096"},"modified":"2021-08-28T16:37:42","modified_gmt":"2021-08-28T19:37:42","slug":"se-recupero-una-motocicleta-que-fue-robada-el-ano-pasado","status":"publish","type":"post","link":"https:\/\/eldiariodesanpedro.com.ar\/sitio\/se-recupero-una-motocicleta-que-fue-robada-el-ano-pasado\/","title":{"rendered":"Se recuper\u00f3 una motocicleta que fue robada el a\u00f1o pasado"},"content":{"rendered":"<!-- VideographyWP Plugin Message: Automatic video embedding prevented by plugin options. -->\n\n<p>En la jornada de ayer se recuper\u00f3 una motocicleta que hab\u00eda sido robada en el a\u00f1o 2020 y qued\u00f3 imputado quien la manejaba.<\/p>\n\n\n\n<p>Este viernes en horas de la tarde, el personal policial se hace presente en calle Alvear al 1300 donde aprehende a un joven de 18 a\u00f1os, quien circulaba en motocicleta tipo 110cc&nbsp; la cual registra pedido de secuestro activo por robo en San Pedro en el a\u00f1o 2020.&nbsp;<\/p>\n\n\n\n<p>El aprehendido es oriundo de la ciudad de Lan\u00fas quien qued\u00f3 imputado de encubrimiento con intervenci\u00f3n\u00a0 de la fiscal\u00eda local.<\/p>\n\n\n\n<figure class=\"wp-block-image size-large\"><img decoding=\"async\" width=\"720\" height=\"827\" data-attachment-id=\"98098\" data-permalink=\"https:\/\/eldiariodesanpedro.com.ar\/sitio\/se-recupero-una-motocicleta-que-fue-robada-el-ano-pasado\/whatsapp-image-2021-08-28-at-12-38-15\/\" data-orig-file=\"https:\/\/eldiariodesanpedro.com.ar\/sitio\/wp-content\/uploads\/2021\/08\/WhatsApp-Image-2021-08-28-at-12.38.15.jpeg\" data-orig-size=\"720,827\" data-comments-opened=\"0\" data-image-meta=\"{&quot;aperture&quot;:&quot;0&quot;,&quot;credit&quot;:&quot;&quot;,&quot;camera&quot;:&quot;&quot;,&quot;caption&quot;:&quot;&quot;,&quot;created_timestamp&quot;:&quot;0&quot;,&quot;copyright&quot;:&quot;&quot;,&quot;focal_length&quot;:&quot;0&quot;,&quot;iso&quot;:&quot;0&quot;,&quot;shutter_speed&quot;:&quot;0&quot;,&quot;title&quot;:&quot;&quot;,&quot;orientation&quot;:&quot;0&quot;}\" data-image-title=\"WhatsApp-Image-2021-08-28-at-12.38.15\" data-image-description=\"\" data-image-caption=\"\" data-large-file=\"https:\/\/eldiariodesanpedro.com.ar\/sitio\/wp-content\/uploads\/2021\/08\/WhatsApp-Image-2021-08-28-at-12.38.15.jpeg\" data-src=\"https:\/\/eldiariodesanpedro.com.ar\/sitio\/wp-content\/uploads\/2021\/08\/WhatsApp-Image-2021-08-28-at-12.38.15.jpeg\" alt=\"\" class=\"wp-image-98098 lazyload\" data-srcset=\"https:\/\/eldiariodesanpedro.com.ar\/sitio\/wp-content\/uploads\/2021\/08\/WhatsApp-Image-2021-08-28-at-12.38.15.jpeg 720w, https:\/\/eldiariodesanpedro.com.ar\/sitio\/wp-content\/uploads\/2021\/08\/WhatsApp-Image-2021-08-28-at-12.38.15-261x300.jpeg 261w\" data-sizes=\"(max-width: 720px) 100vw, 720px\" src=\"data:image\/svg+xml;base64,PHN2ZyB3aWR0aD0iMSIgaGVpZ2h0PSIxIiB4bWxucz0iaHR0cDovL3d3dy53My5vcmcvMjAwMC9zdmciPjwvc3ZnPg==\" style=\"--smush-placeholder-width: 720px; --smush-placeholder-aspect-ratio: 720\/827;\" \/><\/figure>\n","protected":false},"excerpt":{"rendered":"<p>En la jornada de ayer se recuper\u00f3 una motocicleta que hab\u00eda sido robada en el a\u00f1o 2020 y qued\u00f3 imputado quien la manejaba. Este viernes en horas de la tarde, el personal policial se hace presente en calle Alvear al 1300 donde aprehende a un joven de 18 a\u00f1os, quien circulaba en motocicleta tipo 110cc&nbsp; [&hellip;]<\/p>\n","protected":false},"author":4,"featured_media":98097,"comment_status":"closed","ping_status":"closed","sticky":false,"template":"","format":"standard","meta":{"om_disable_all_campaigns":false,"_jetpack_memberships_contains_paid_content":false,"footnotes":""},"categories":[2,103],"tags":[],"class_list":["post-98096","post","type-post","status-publish","format-standard","has-post-thumbnail","hentry","category-locales","category-policiales-locales"],"aioseo_notices":[],"gutentor_comment":0,"jetpack_featured_media_url":"https:\/\/eldiariodesanpedro.com.ar\/sitio\/wp-content\/uploads\/2021\/08\/medida-20.jpg","jetpack_shortlink":"https:\/\/wp.me\/p6RhLt-pwc","jetpack_sharing_enabled":true,"_links":{"self":[{"href":"https:\/\/eldiariodesanpedro.com.ar\/sitio\/wp-json\/wp\/v2\/posts\/98096","targetHints":{"allow":["GET"]}}],"collection":[{"href":"https:\/\/eldiariodesanpedro.com.ar\/sitio\/wp-json\/wp\/v2\/posts"}],"about":[{"href":"https:\/\/eldiariodesanpedro.com.ar\/sitio\/wp-json\/wp\/v2\/types\/post"}],"author":[{"embeddable":true,"href":"https:\/\/eldiariodesanpedro.com.ar\/sitio\/wp-json\/wp\/v2\/users\/4"}],"replies":[{"embeddable":true,"href":"https:\/\/eldiariodesanpedro.com.ar\/sitio\/wp-json\/wp\/v2\/comments?post=98096"}],"version-history":[{"count":1,"href":"https:\/\/eldiariodesanpedro.com.ar\/sitio\/wp-json\/wp\/v2\/posts\/98096\/revisions"}],"predecessor-version":[{"id":98099,"href":"https:\/\/eldiariodesanpedro.com.ar\/sitio\/wp-json\/wp\/v2\/posts\/98096\/revisions\/98099"}],"wp:featuredmedia":[{"embeddable":true,"href":"https:\/\/eldiariodesanpedro.com.ar\/sitio\/wp-json\/wp\/v2\/media\/98097"}],"wp:attachment":[{"href":"https:\/\/eldiariodesanpedro.com.ar\/sitio\/wp-json\/wp\/v2\/media?parent=98096"}],"wp:term":[{"taxonomy":"category","embeddable":true,"href":"https:\/\/eldiariodesanpedro.com.ar\/sitio\/wp-json\/wp\/v2\/categories?post=98096"},{"taxonomy":"post_tag","embeddable":true,"href":"https:\/\/eldiariodesanpedro.com.ar\/sitio\/wp-json\/wp\/v2\/tags?post=98096"}],"curies":[{"name":"wp","href":"https:\/\/api.w.org\/{rel}","templated":true}]}}