{"id":98092,"date":"2021-08-28T16:29:25","date_gmt":"2021-08-28T19:29:25","guid":{"rendered":"https:\/\/eldiariodesanpedro.com.ar\/sitio\/?p=98092"},"modified":"2021-08-28T16:29:29","modified_gmt":"2021-08-28T19:29:29","slug":"un-mujer-gravemente-herida-en-un-accidente-de-transito-fue-trasladada-a-un-nosocomio-de-pergamino","status":"publish","type":"post","link":"https:\/\/eldiariodesanpedro.com.ar\/sitio\/un-mujer-gravemente-herida-en-un-accidente-de-transito-fue-trasladada-a-un-nosocomio-de-pergamino\/","title":{"rendered":"Un mujer gravemente herida en un accidente de tr\u00e1nsito fue trasladada a un nosocomio de Pergamino"},"content":{"rendered":"<!-- VideographyWP Plugin Message: Automatic video embedding prevented by plugin options. -->\n\n<p>En la jornada de ayer ocurri\u00f3 un grave accidente donde se vieron involucrados una motocicleta y una camioneta, una mujer fue trasladada al nosocomio local y luego a un centro de mayor complejidad por las graves heridas.<\/p>\n\n\n\n<p>Todo ocurri\u00f3 este viernes alrededor de las 19 hs en la esquina de R\u00f3mulo Nah\u00f3n y\u00a0 Olivera Cesar\u00a0 cuando una camioneta Toyota Hilux color blanca conducida por un ciudadano de 45 a\u00f1os colision\u00f3 a una bicicleta en la que circulaba una mujer de 26 a\u00f1os quien al caer al piso pierde el conocimiento.<\/p>\n\n\n\n<p>En el lugar se hizo presente una ambulancia del SAME que traslad\u00f3 a la femenina y luego de realizar estudios se determin\u00f3 que sufri\u00f3 \u00a0una hemorragia y eso determin\u00f3 que fuera trasladada al Hospital San Jos\u00e9 de Pergamino.<\/p>\n\n\n\n<figure class=\"wp-block-image size-large\"><img decoding=\"async\" width=\"1024\" height=\"768\" data-attachment-id=\"98094\" data-permalink=\"https:\/\/eldiariodesanpedro.com.ar\/sitio\/un-mujer-gravemente-herida-en-un-accidente-de-transito-fue-trasladada-a-un-nosocomio-de-pergamino\/whatsapp-image-2021-08-28-at-12-39-50\/\" data-orig-file=\"https:\/\/eldiariodesanpedro.com.ar\/sitio\/wp-content\/uploads\/2021\/08\/WhatsApp-Image-2021-08-28-at-12.39.50.jpeg\" data-orig-size=\"1600,1200\" data-comments-opened=\"0\" data-image-meta=\"{&quot;aperture&quot;:&quot;0&quot;,&quot;credit&quot;:&quot;&quot;,&quot;camera&quot;:&quot;&quot;,&quot;caption&quot;:&quot;&quot;,&quot;created_timestamp&quot;:&quot;0&quot;,&quot;copyright&quot;:&quot;&quot;,&quot;focal_length&quot;:&quot;0&quot;,&quot;iso&quot;:&quot;0&quot;,&quot;shutter_speed&quot;:&quot;0&quot;,&quot;title&quot;:&quot;&quot;,&quot;orientation&quot;:&quot;0&quot;}\" data-image-title=\"WhatsApp Image 2021-08-28 at 12.39.50\" data-image-description=\"\" data-image-caption=\"\" data-large-file=\"https:\/\/eldiariodesanpedro.com.ar\/sitio\/wp-content\/uploads\/2021\/08\/WhatsApp-Image-2021-08-28-at-12.39.50-1024x768.jpeg\" data-src=\"https:\/\/eldiariodesanpedro.com.ar\/sitio\/wp-content\/uploads\/2021\/08\/WhatsApp-Image-2021-08-28-at-12.39.50-1024x768.jpeg\" alt=\"\" class=\"wp-image-98094 lazyload\" data-srcset=\"https:\/\/eldiariodesanpedro.com.ar\/sitio\/wp-content\/uploads\/2021\/08\/WhatsApp-Image-2021-08-28-at-12.39.50-1024x768.jpeg 1024w, https:\/\/eldiariodesanpedro.com.ar\/sitio\/wp-content\/uploads\/2021\/08\/WhatsApp-Image-2021-08-28-at-12.39.50-300x225.jpeg 300w, https:\/\/eldiariodesanpedro.com.ar\/sitio\/wp-content\/uploads\/2021\/08\/WhatsApp-Image-2021-08-28-at-12.39.50-768x576.jpeg 768w, https:\/\/eldiariodesanpedro.com.ar\/sitio\/wp-content\/uploads\/2021\/08\/WhatsApp-Image-2021-08-28-at-12.39.50-1536x1152.jpeg 1536w, https:\/\/eldiariodesanpedro.com.ar\/sitio\/wp-content\/uploads\/2021\/08\/WhatsApp-Image-2021-08-28-at-12.39.50-500x375.jpeg 500w, https:\/\/eldiariodesanpedro.com.ar\/sitio\/wp-content\/uploads\/2021\/08\/WhatsApp-Image-2021-08-28-at-12.39.50.jpeg 1600w\" data-sizes=\"(max-width: 1024px) 100vw, 1024px\" src=\"data:image\/svg+xml;base64,PHN2ZyB3aWR0aD0iMSIgaGVpZ2h0PSIxIiB4bWxucz0iaHR0cDovL3d3dy53My5vcmcvMjAwMC9zdmciPjwvc3ZnPg==\" style=\"--smush-placeholder-width: 1024px; --smush-placeholder-aspect-ratio: 1024\/768;\" \/><\/figure>\n","protected":false},"excerpt":{"rendered":"<p>En la jornada de ayer ocurri\u00f3 un grave accidente donde se vieron involucrados una motocicleta y una camioneta, una mujer fue trasladada al nosocomio local y luego a un centro de mayor complejidad por las graves heridas. Todo ocurri\u00f3 este viernes alrededor de las 19 hs en la esquina de R\u00f3mulo Nah\u00f3n y\u00a0 Olivera Cesar\u00a0 [&hellip;]<\/p>\n","protected":false},"author":4,"featured_media":98093,"comment_status":"closed","ping_status":"closed","sticky":false,"template":"","format":"standard","meta":{"om_disable_all_campaigns":false,"_jetpack_memberships_contains_paid_content":false,"footnotes":""},"categories":[2,103],"tags":[],"class_list":["post-98092","post","type-post","status-publish","format-standard","has-post-thumbnail","hentry","category-locales","category-policiales-locales"],"aioseo_notices":[],"gutentor_comment":0,"jetpack_featured_media_url":"https:\/\/eldiariodesanpedro.com.ar\/sitio\/wp-content\/uploads\/2021\/08\/WhatsApp-Image-2021-08-28-at-12.39.49.jpeg","jetpack_shortlink":"https:\/\/wp.me\/p6RhLt-pw8","jetpack_sharing_enabled":true,"_links":{"self":[{"href":"https:\/\/eldiariodesanpedro.com.ar\/sitio\/wp-json\/wp\/v2\/posts\/98092","targetHints":{"allow":["GET"]}}],"collection":[{"href":"https:\/\/eldiariodesanpedro.com.ar\/sitio\/wp-json\/wp\/v2\/posts"}],"about":[{"href":"https:\/\/eldiariodesanpedro.com.ar\/sitio\/wp-json\/wp\/v2\/types\/post"}],"author":[{"embeddable":true,"href":"https:\/\/eldiariodesanpedro.com.ar\/sitio\/wp-json\/wp\/v2\/users\/4"}],"replies":[{"embeddable":true,"href":"https:\/\/eldiariodesanpedro.com.ar\/sitio\/wp-json\/wp\/v2\/comments?post=98092"}],"version-history":[{"count":1,"href":"https:\/\/eldiariodesanpedro.com.ar\/sitio\/wp-json\/wp\/v2\/posts\/98092\/revisions"}],"predecessor-version":[{"id":98095,"href":"https:\/\/eldiariodesanpedro.com.ar\/sitio\/wp-json\/wp\/v2\/posts\/98092\/revisions\/98095"}],"wp:featuredmedia":[{"embeddable":true,"href":"https:\/\/eldiariodesanpedro.com.ar\/sitio\/wp-json\/wp\/v2\/media\/98093"}],"wp:attachment":[{"href":"https:\/\/eldiariodesanpedro.com.ar\/sitio\/wp-json\/wp\/v2\/media?parent=98092"}],"wp:term":[{"taxonomy":"category","embeddable":true,"href":"https:\/\/eldiariodesanpedro.com.ar\/sitio\/wp-json\/wp\/v2\/categories?post=98092"},{"taxonomy":"post_tag","embeddable":true,"href":"https:\/\/eldiariodesanpedro.com.ar\/sitio\/wp-json\/wp\/v2\/tags?post=98092"}],"curies":[{"name":"wp","href":"https:\/\/api.w.org\/{rel}","templated":true}]}}