{"id":9809,"date":"2016-11-06T20:21:03","date_gmt":"2016-11-06T23:21:03","guid":{"rendered":"https:\/\/eldiariodesanpedro.com.ar\/sitio\/?p=9809"},"modified":"2016-11-06T20:21:03","modified_gmt":"2016-11-06T23:21:03","slug":"el-actor-ricardo-darin-paso-por-rio-tala","status":"publish","type":"post","link":"https:\/\/eldiariodesanpedro.com.ar\/sitio\/el-actor-ricardo-darin-paso-por-rio-tala\/","title":{"rendered":"El actor Ricardo Dar\u00edn pas\u00f3 por R\u00edo Tala"},"content":{"rendered":"<p><!-- VideographyWP Plugin Message: Automatic video embedding prevented by plugin options. --><br \/>\nEl actor realiz\u00f3 una parada en la localidad, e ingres\u00f3 a la Posada R\u00edo Tala para hacer un descanso del viaje que realizaba por la ruta 9. Antes de retirarse, recorri\u00f3 el lugar y continu\u00f3 hacia su destino.<\/p>\n<p>Diego Macenet, exdelegado de la localidad, se acerc\u00f3 al lugar, se tom\u00f3 una foto con \u00e9l y en Facebook public\u00f3: \u201cUna gran visita. Ricardo Dar\u00edn. Obvio degust\u00f3 los productos de Finca San Jos\u00e9. Vinos de ar\u00e1ndanos y dulces\u201d.<\/p>\n","protected":false},"excerpt":{"rendered":"<p>El actor realiz\u00f3 una parada en la localidad, e ingres\u00f3 a la Posada R\u00edo Tala para hacer un descanso del viaje que realizaba por la ruta 9. Antes de retirarse, recorri\u00f3 el lugar y continu\u00f3 hacia su destino. Diego Macenet, exdelegado de la localidad, se acerc\u00f3 al lugar, se tom\u00f3 una foto con \u00e9l y [&hellip;]<\/p>\n","protected":false},"author":4,"featured_media":9810,"comment_status":"open","ping_status":"closed","sticky":false,"template":"","format":"standard","meta":{"om_disable_all_campaigns":false,"_jetpack_memberships_contains_paid_content":false,"footnotes":""},"categories":[101,2],"tags":[],"class_list":["post-9809","post","type-post","status-publish","format-standard","has-post-thumbnail","hentry","category-interes-general-locales","category-locales"],"aioseo_notices":[],"gutentor_comment":0,"jetpack_featured_media_url":"https:\/\/eldiariodesanpedro.com.ar\/sitio\/wp-content\/uploads\/2016\/11\/PAGINA-5-01.jpg","jetpack_shortlink":"https:\/\/wp.me\/p6RhLt-2yd","jetpack_sharing_enabled":true,"_links":{"self":[{"href":"https:\/\/eldiariodesanpedro.com.ar\/sitio\/wp-json\/wp\/v2\/posts\/9809","targetHints":{"allow":["GET"]}}],"collection":[{"href":"https:\/\/eldiariodesanpedro.com.ar\/sitio\/wp-json\/wp\/v2\/posts"}],"about":[{"href":"https:\/\/eldiariodesanpedro.com.ar\/sitio\/wp-json\/wp\/v2\/types\/post"}],"author":[{"embeddable":true,"href":"https:\/\/eldiariodesanpedro.com.ar\/sitio\/wp-json\/wp\/v2\/users\/4"}],"replies":[{"embeddable":true,"href":"https:\/\/eldiariodesanpedro.com.ar\/sitio\/wp-json\/wp\/v2\/comments?post=9809"}],"version-history":[{"count":1,"href":"https:\/\/eldiariodesanpedro.com.ar\/sitio\/wp-json\/wp\/v2\/posts\/9809\/revisions"}],"predecessor-version":[{"id":9811,"href":"https:\/\/eldiariodesanpedro.com.ar\/sitio\/wp-json\/wp\/v2\/posts\/9809\/revisions\/9811"}],"wp:featuredmedia":[{"embeddable":true,"href":"https:\/\/eldiariodesanpedro.com.ar\/sitio\/wp-json\/wp\/v2\/media\/9810"}],"wp:attachment":[{"href":"https:\/\/eldiariodesanpedro.com.ar\/sitio\/wp-json\/wp\/v2\/media?parent=9809"}],"wp:term":[{"taxonomy":"category","embeddable":true,"href":"https:\/\/eldiariodesanpedro.com.ar\/sitio\/wp-json\/wp\/v2\/categories?post=9809"},{"taxonomy":"post_tag","embeddable":true,"href":"https:\/\/eldiariodesanpedro.com.ar\/sitio\/wp-json\/wp\/v2\/tags?post=9809"}],"curies":[{"name":"wp","href":"https:\/\/api.w.org\/{rel}","templated":true}]}}