{"id":98089,"date":"2021-08-28T13:11:46","date_gmt":"2021-08-28T16:11:46","guid":{"rendered":"https:\/\/eldiariodesanpedro.com.ar\/sitio\/?p=98089"},"modified":"2021-08-28T13:11:51","modified_gmt":"2021-08-28T16:11:51","slug":"se-secuestro-un-automovil-robado-en-2018-en-la-matanza","status":"publish","type":"post","link":"https:\/\/eldiariodesanpedro.com.ar\/sitio\/se-secuestro-un-automovil-robado-en-2018-en-la-matanza\/","title":{"rendered":"Se secuestro un automovil robado en 2018 en La Matanza"},"content":{"rendered":"<!-- VideographyWP Plugin Message: Automatic video embedding prevented by plugin options. -->\n\n<p>El mediod\u00eda de ayer viernes el personal policial de la comisar\u00eda y de la direcci\u00f3n de verificaci\u00f3n policial en Mitre y Bozzano procedi\u00f3 al secuestro de autom\u00f3vil&nbsp; que registra pedido de secuestro activo&nbsp; por robo de automotor desde el a\u00f1o 2018 a requerimiento de la justicia de La Matanza.<\/p>\n\n\n\n<p>Adem\u00e1s el autom\u00f3vil ten\u00eda colocadas chapas patentes que pertenecen a otro autom\u00f3vil, su tenedor un masculino de 23 a\u00f1os de edad, fue imputado de los delitos contemplados en el art. 289 y 291 del CP. El autom\u00f3vil permanece secuestrado.<\/p>\n","protected":false},"excerpt":{"rendered":"<p>El mediod\u00eda de ayer viernes el personal policial de la comisar\u00eda y de la direcci\u00f3n de verificaci\u00f3n policial en Mitre y Bozzano procedi\u00f3 al secuestro de autom\u00f3vil&nbsp; que registra pedido de secuestro activo&nbsp; por robo de automotor desde el a\u00f1o 2018 a requerimiento de la justicia de La Matanza. Adem\u00e1s el autom\u00f3vil ten\u00eda colocadas chapas [&hellip;]<\/p>\n","protected":false},"author":4,"featured_media":98090,"comment_status":"closed","ping_status":"closed","sticky":false,"template":"","format":"standard","meta":{"om_disable_all_campaigns":false,"_jetpack_memberships_contains_paid_content":false,"footnotes":""},"categories":[2,103],"tags":[],"class_list":["post-98089","post","type-post","status-publish","format-standard","has-post-thumbnail","hentry","category-locales","category-policiales-locales"],"aioseo_notices":[],"gutentor_comment":0,"jetpack_featured_media_url":"https:\/\/eldiariodesanpedro.com.ar\/sitio\/wp-content\/uploads\/2021\/08\/medida-19.jpg","jetpack_shortlink":"https:\/\/wp.me\/p6RhLt-pw5","jetpack_sharing_enabled":true,"_links":{"self":[{"href":"https:\/\/eldiariodesanpedro.com.ar\/sitio\/wp-json\/wp\/v2\/posts\/98089","targetHints":{"allow":["GET"]}}],"collection":[{"href":"https:\/\/eldiariodesanpedro.com.ar\/sitio\/wp-json\/wp\/v2\/posts"}],"about":[{"href":"https:\/\/eldiariodesanpedro.com.ar\/sitio\/wp-json\/wp\/v2\/types\/post"}],"author":[{"embeddable":true,"href":"https:\/\/eldiariodesanpedro.com.ar\/sitio\/wp-json\/wp\/v2\/users\/4"}],"replies":[{"embeddable":true,"href":"https:\/\/eldiariodesanpedro.com.ar\/sitio\/wp-json\/wp\/v2\/comments?post=98089"}],"version-history":[{"count":1,"href":"https:\/\/eldiariodesanpedro.com.ar\/sitio\/wp-json\/wp\/v2\/posts\/98089\/revisions"}],"predecessor-version":[{"id":98091,"href":"https:\/\/eldiariodesanpedro.com.ar\/sitio\/wp-json\/wp\/v2\/posts\/98089\/revisions\/98091"}],"wp:featuredmedia":[{"embeddable":true,"href":"https:\/\/eldiariodesanpedro.com.ar\/sitio\/wp-json\/wp\/v2\/media\/98090"}],"wp:attachment":[{"href":"https:\/\/eldiariodesanpedro.com.ar\/sitio\/wp-json\/wp\/v2\/media?parent=98089"}],"wp:term":[{"taxonomy":"category","embeddable":true,"href":"https:\/\/eldiariodesanpedro.com.ar\/sitio\/wp-json\/wp\/v2\/categories?post=98089"},{"taxonomy":"post_tag","embeddable":true,"href":"https:\/\/eldiariodesanpedro.com.ar\/sitio\/wp-json\/wp\/v2\/tags?post=98089"}],"curies":[{"name":"wp","href":"https:\/\/api.w.org\/{rel}","templated":true}]}}