{"id":98064,"date":"2021-08-27T19:33:44","date_gmt":"2021-08-27T22:33:44","guid":{"rendered":"https:\/\/eldiariodesanpedro.com.ar\/sitio\/?p=98064"},"modified":"2021-08-27T19:33:45","modified_gmt":"2021-08-27T22:33:45","slug":"primera-reunion-de-la-mesa-provincial-de-diversificacion-de-exportaciones-en-san-pedro-y-con-la-presencia-del-ministro-de-desarrollo-agrario-javier-rodriguez","status":"publish","type":"post","link":"https:\/\/eldiariodesanpedro.com.ar\/sitio\/primera-reunion-de-la-mesa-provincial-de-diversificacion-de-exportaciones-en-san-pedro-y-con-la-presencia-del-ministro-de-desarrollo-agrario-javier-rodriguez\/","title":{"rendered":"Primera reuni\u00f3n de la Mesa Provincial de Diversificaci\u00f3n de Exportaciones en San Pedro y con la presencia del Ministro de Desarrollo Agrario Javier Rodr\u00edguez"},"content":{"rendered":"<!-- VideographyWP Plugin Message: Automatic video embedding prevented by plugin options. -->\n\n<p>El Ministro de Desarrollo Agrario Javier Rodr\u00edguez encabez\u00f3 hoy una reuni\u00f3n de la Mesa Provincial de Diversificaci\u00f3n de Exportaciones en la que representantes de diferentes entidades e instituciones relacionadas con la producci\u00f3n local tuvieron la oportunidad de dialogar sobre temas relacionados con el presente y el futuro de la regi\u00f3n e interactuar con representantes de otras regiones a trav\u00e9s de una videoconferencia.<\/p>\n\n\n\n<p>Antes de la jornada coordinada a nivel local desde la Secretar\u00eda de Desarrollo Econ\u00f3mico que conduce Alfredo Carrasco, el Ministro mantuvo una reuni\u00f3n con el Intendente Cecilio Salazar en el Palacio Municipal.<\/p>\n\n\n\n<p>En el encuentro, en el Sal\u00f3n de los Espejos del Centro de Comercio participaron adem\u00e1s del Ministro y el Intendente Cecilio Salazar, Cristian Amarilla (Subsecretario de Desarrollo Agrario y Calidad Agroalimentaria),<br>Cecilia Llabr\u00e9s (Direcci\u00f3n de Relaciones Internacionales), Alfredo Carrasco (Secretario de Desarrollo Econ\u00f3mico de la Municipalidad de San Pedro), Eliseo Almada (Presidente del Consorcio del Puerto), Alejandro Guzzo (CAPROEM), Jorge Taurizano (productor-exportador), Sergio Taurizano (C\u00e1mara de Viveristas), Pablo Ojea (C\u00e1mara de Viveristas), Rub\u00e9n Vicens (productor viverista), Roberto Miskus (FEBAPRI), Cecilia Peyru (CAPECAN, C\u00e1mara de productores pecaneros), Graciela Corbino y Mariana Piola (INTA San Pedro), Ra\u00fal Cheyllada (Centro de Comercio e Industria de San Pedro) y Nicol\u00e1s Gear (productor semillero, C\u00e1mara Argentina de Semilleros).<\/p>\n\n\n\n<p>En la apertura el Intendente Salazar record\u00f3 que Rodr\u00edguez fue el primer ministro que lo visit\u00f3 cuando asumi\u00f3 su gesti\u00f3n y destac\u00f3 que los actores de la producci\u00f3n fueron considerados esenciales en pandemia y que ante la oportunidad de ser diputado provincial, mantendr\u00e1 su reconocido inter\u00e9s en seguir apoyando a todo aquello que est\u00e9 vinculado con la producci\u00f3n y el trabajo.<\/p>\n\n\n\n<p>El Ministro se refiri\u00f3 a un Estado Provincial activo para impulsar el desarrollo econ\u00f3mico, y que San Pedro tiene cualidades especiales en este sentido. Adem\u00e1s, que el foco lo ponen en las producciones diversificadas de productos agroindustriales y que cuando dicen \u201cdiversificaci\u00f3n\u201d la piensan en productos, actores y mercados.<\/p>\n\n\n\n<p>La Mesa que seguir\u00e1 reuni\u00e9ndose en otros puntos de la Provincia tiene por objetivo reunir a los principales actores p\u00fablicos y privados involucrados en la comercializaci\u00f3n y exportaci\u00f3n de productos agropecuarios y alimentos de la Provincia de Buenos Aires para identificar elementos y acciones concretas que permitan no s\u00f3lo diversificar los destinos hacia los cu\u00e1les se exporta sino tambi\u00e9n diversificar aquellos productos que se exportan y los sujetos que los exportan.<\/p>\n\n\n\n<p>El Ministerio ha venido trabajando en el acompa\u00f1amiento en la inserci\u00f3n y consolidaci\u00f3n exportadora (gu\u00edas y capacitaciones), la identificaci\u00f3n de oportunidades comerciales y el trabajo articulado con cada sector, promocionando adem\u00e1s programas espec\u00edficos que pueden ser consultados a trav\u00e9s de los canales de comunicaci\u00f3n con el Ministerio o en el caso de San Pedro, a trav\u00e9s de la Secretar\u00eda de Desarrollo Econ\u00f3mico.<\/p>\n\n\n\n<p>Los representantes de entidades locales tuvieron oportunidades para expresarse y compartir su visi\u00f3n de la situaci\u00f3n.<\/p>\n\n\n\n<p>Desde los sectores y organismos relacionados con la producci\u00f3n se destac\u00f3 la recuperaci\u00f3n en nuestra zona y la necesidad de invertir para consolidad esa recuperaci\u00f3n. Se habl\u00f3 de la producci\u00f3n frut\u00edcola y de los proyectos relacionados con batatas, entre otros.<\/p>\n\n\n\n<p>Hubo un importante reconocimiento al crecimiento del Puerto de San Pedro y el Presidente del Consorcio de Gesti\u00f3n repas\u00f3 la situaci\u00f3n actual con una consolidaci\u00f3n de un perfil de exportaci\u00f3n de alimentos y perspectivas muy importantes seguir atrayendo cargas para que sean operadas desde nuestra ciudad. Almada hizo una defensa de los puertos p\u00fablicos, que en general corren en desventaja frente a los puertos privados.<\/p>\n\n\n\n<p>El Presidente del CCIT, Ra\u00fal Cheyllada, entidad anfitriona del encuentro destac\u00f3 la importancia que se comprometa la cadena de valor para acompa\u00f1ar al sector productivo y que la ciencia y t\u00e9cnica tienen que estar para generar agregado de valor.<\/p>\n\n\n\n<p>Estas mesas continuar\u00e1n con modalidad mixta (presencial y a distancia), en Mar del Plata, Bah\u00eda Blanca y San Nicol\u00e1s.<\/p>\n\n\n\n<p>Para cerrar su visita, tras un encuentro con la prensa, el Ministro Rodr\u00edguez realiz\u00f3 una recorrida junto a funcionarios locales por establecimientos productivos de San Pedro.<\/p>\n\n\n\n<figure class=\"wp-block-image size-large\"><img decoding=\"async\" width=\"1024\" height=\"684\" data-attachment-id=\"98067\" data-permalink=\"https:\/\/eldiariodesanpedro.com.ar\/sitio\/primera-reunion-de-la-mesa-provincial-de-diversificacion-de-exportaciones-en-san-pedro-y-con-la-presencia-del-ministro-de-desarrollo-agrario-javier-rodriguez\/whatsapp-image-2021-08-27-at-18-38-10-1\/\" data-orig-file=\"https:\/\/eldiariodesanpedro.com.ar\/sitio\/wp-content\/uploads\/2021\/08\/WhatsApp-Image-2021-08-27-at-18.38.10-1.jpeg\" data-orig-size=\"1280,855\" data-comments-opened=\"0\" data-image-meta=\"{&quot;aperture&quot;:&quot;0&quot;,&quot;credit&quot;:&quot;&quot;,&quot;camera&quot;:&quot;&quot;,&quot;caption&quot;:&quot;&quot;,&quot;created_timestamp&quot;:&quot;0&quot;,&quot;copyright&quot;:&quot;&quot;,&quot;focal_length&quot;:&quot;0&quot;,&quot;iso&quot;:&quot;0&quot;,&quot;shutter_speed&quot;:&quot;0&quot;,&quot;title&quot;:&quot;&quot;,&quot;orientation&quot;:&quot;0&quot;}\" data-image-title=\"WhatsApp Image 2021-08-27 at 18.38.10 (1)\" data-image-description=\"\" data-image-caption=\"\" data-large-file=\"https:\/\/eldiariodesanpedro.com.ar\/sitio\/wp-content\/uploads\/2021\/08\/WhatsApp-Image-2021-08-27-at-18.38.10-1-1024x684.jpeg\" data-src=\"https:\/\/eldiariodesanpedro.com.ar\/sitio\/wp-content\/uploads\/2021\/08\/WhatsApp-Image-2021-08-27-at-18.38.10-1-1024x684.jpeg\" alt=\"\" class=\"wp-image-98067 lazyload\" data-srcset=\"https:\/\/eldiariodesanpedro.com.ar\/sitio\/wp-content\/uploads\/2021\/08\/WhatsApp-Image-2021-08-27-at-18.38.10-1-1024x684.jpeg 1024w, https:\/\/eldiariodesanpedro.com.ar\/sitio\/wp-content\/uploads\/2021\/08\/WhatsApp-Image-2021-08-27-at-18.38.10-1-300x200.jpeg 300w, https:\/\/eldiariodesanpedro.com.ar\/sitio\/wp-content\/uploads\/2021\/08\/WhatsApp-Image-2021-08-27-at-18.38.10-1-768x513.jpeg 768w, https:\/\/eldiariodesanpedro.com.ar\/sitio\/wp-content\/uploads\/2021\/08\/WhatsApp-Image-2021-08-27-at-18.38.10-1.jpeg 1280w\" data-sizes=\"(max-width: 1024px) 100vw, 1024px\" src=\"data:image\/svg+xml;base64,PHN2ZyB3aWR0aD0iMSIgaGVpZ2h0PSIxIiB4bWxucz0iaHR0cDovL3d3dy53My5vcmcvMjAwMC9zdmciPjwvc3ZnPg==\" style=\"--smush-placeholder-width: 1024px; --smush-placeholder-aspect-ratio: 1024\/684;\" \/><\/figure>\n\n\n\n<figure class=\"wp-block-image size-large\"><img decoding=\"async\" width=\"1024\" height=\"726\" data-attachment-id=\"98068\" data-permalink=\"https:\/\/eldiariodesanpedro.com.ar\/sitio\/primera-reunion-de-la-mesa-provincial-de-diversificacion-de-exportaciones-en-san-pedro-y-con-la-presencia-del-ministro-de-desarrollo-agrario-javier-rodriguez\/whatsapp-image-2021-08-27-at-18-38-10\/\" data-orig-file=\"https:\/\/eldiariodesanpedro.com.ar\/sitio\/wp-content\/uploads\/2021\/08\/WhatsApp-Image-2021-08-27-at-18.38.10.jpeg\" data-orig-size=\"1280,907\" data-comments-opened=\"0\" data-image-meta=\"{&quot;aperture&quot;:&quot;0&quot;,&quot;credit&quot;:&quot;&quot;,&quot;camera&quot;:&quot;&quot;,&quot;caption&quot;:&quot;&quot;,&quot;created_timestamp&quot;:&quot;0&quot;,&quot;copyright&quot;:&quot;&quot;,&quot;focal_length&quot;:&quot;0&quot;,&quot;iso&quot;:&quot;0&quot;,&quot;shutter_speed&quot;:&quot;0&quot;,&quot;title&quot;:&quot;&quot;,&quot;orientation&quot;:&quot;0&quot;}\" data-image-title=\"WhatsApp Image 2021-08-27 at 18.38.10\" data-image-description=\"\" data-image-caption=\"\" data-large-file=\"https:\/\/eldiariodesanpedro.com.ar\/sitio\/wp-content\/uploads\/2021\/08\/WhatsApp-Image-2021-08-27-at-18.38.10-1024x726.jpeg\" data-src=\"https:\/\/eldiariodesanpedro.com.ar\/sitio\/wp-content\/uploads\/2021\/08\/WhatsApp-Image-2021-08-27-at-18.38.10-1024x726.jpeg\" alt=\"\" class=\"wp-image-98068 lazyload\" data-srcset=\"https:\/\/eldiariodesanpedro.com.ar\/sitio\/wp-content\/uploads\/2021\/08\/WhatsApp-Image-2021-08-27-at-18.38.10-1024x726.jpeg 1024w, https:\/\/eldiariodesanpedro.com.ar\/sitio\/wp-content\/uploads\/2021\/08\/WhatsApp-Image-2021-08-27-at-18.38.10-300x213.jpeg 300w, https:\/\/eldiariodesanpedro.com.ar\/sitio\/wp-content\/uploads\/2021\/08\/WhatsApp-Image-2021-08-27-at-18.38.10-768x544.jpeg 768w, https:\/\/eldiariodesanpedro.com.ar\/sitio\/wp-content\/uploads\/2021\/08\/WhatsApp-Image-2021-08-27-at-18.38.10.jpeg 1280w\" data-sizes=\"(max-width: 1024px) 100vw, 1024px\" src=\"data:image\/svg+xml;base64,PHN2ZyB3aWR0aD0iMSIgaGVpZ2h0PSIxIiB4bWxucz0iaHR0cDovL3d3dy53My5vcmcvMjAwMC9zdmciPjwvc3ZnPg==\" style=\"--smush-placeholder-width: 1024px; --smush-placeholder-aspect-ratio: 1024\/726;\" \/><\/figure>\n\n\n\n<figure class=\"wp-block-image size-large\"><img decoding=\"async\" width=\"1024\" height=\"682\" data-attachment-id=\"98069\" data-permalink=\"https:\/\/eldiariodesanpedro.com.ar\/sitio\/primera-reunion-de-la-mesa-provincial-de-diversificacion-de-exportaciones-en-san-pedro-y-con-la-presencia-del-ministro-de-desarrollo-agrario-javier-rodriguez\/whatsapp-image-2021-08-27-at-18-38-11\/\" data-orig-file=\"https:\/\/eldiariodesanpedro.com.ar\/sitio\/wp-content\/uploads\/2021\/08\/WhatsApp-Image-2021-08-27-at-18.38.11.jpeg\" data-orig-size=\"1280,853\" data-comments-opened=\"0\" data-image-meta=\"{&quot;aperture&quot;:&quot;0&quot;,&quot;credit&quot;:&quot;&quot;,&quot;camera&quot;:&quot;&quot;,&quot;caption&quot;:&quot;&quot;,&quot;created_timestamp&quot;:&quot;0&quot;,&quot;copyright&quot;:&quot;&quot;,&quot;focal_length&quot;:&quot;0&quot;,&quot;iso&quot;:&quot;0&quot;,&quot;shutter_speed&quot;:&quot;0&quot;,&quot;title&quot;:&quot;&quot;,&quot;orientation&quot;:&quot;0&quot;}\" data-image-title=\"WhatsApp Image 2021-08-27 at 18.38.11\" data-image-description=\"\" data-image-caption=\"\" data-large-file=\"https:\/\/eldiariodesanpedro.com.ar\/sitio\/wp-content\/uploads\/2021\/08\/WhatsApp-Image-2021-08-27-at-18.38.11-1024x682.jpeg\" data-src=\"https:\/\/eldiariodesanpedro.com.ar\/sitio\/wp-content\/uploads\/2021\/08\/WhatsApp-Image-2021-08-27-at-18.38.11-1024x682.jpeg\" alt=\"\" class=\"wp-image-98069 lazyload\" data-srcset=\"https:\/\/eldiariodesanpedro.com.ar\/sitio\/wp-content\/uploads\/2021\/08\/WhatsApp-Image-2021-08-27-at-18.38.11-1024x682.jpeg 1024w, https:\/\/eldiariodesanpedro.com.ar\/sitio\/wp-content\/uploads\/2021\/08\/WhatsApp-Image-2021-08-27-at-18.38.11-300x200.jpeg 300w, https:\/\/eldiariodesanpedro.com.ar\/sitio\/wp-content\/uploads\/2021\/08\/WhatsApp-Image-2021-08-27-at-18.38.11-768x512.jpeg 768w, https:\/\/eldiariodesanpedro.com.ar\/sitio\/wp-content\/uploads\/2021\/08\/WhatsApp-Image-2021-08-27-at-18.38.11.jpeg 1280w\" data-sizes=\"(max-width: 1024px) 100vw, 1024px\" src=\"data:image\/svg+xml;base64,PHN2ZyB3aWR0aD0iMSIgaGVpZ2h0PSIxIiB4bWxucz0iaHR0cDovL3d3dy53My5vcmcvMjAwMC9zdmciPjwvc3ZnPg==\" style=\"--smush-placeholder-width: 1024px; --smush-placeholder-aspect-ratio: 1024\/682;\" \/><\/figure>\n\n\n\n<figure class=\"wp-block-image size-large\"><img decoding=\"async\" width=\"1024\" height=\"781\" data-attachment-id=\"98066\" data-permalink=\"https:\/\/eldiariodesanpedro.com.ar\/sitio\/primera-reunion-de-la-mesa-provincial-de-diversificacion-de-exportaciones-en-san-pedro-y-con-la-presencia-del-ministro-de-desarrollo-agrario-javier-rodriguez\/whatsapp-image-2021-08-27-at-18-38-09\/\" data-orig-file=\"https:\/\/eldiariodesanpedro.com.ar\/sitio\/wp-content\/uploads\/2021\/08\/WhatsApp-Image-2021-08-27-at-18.38.09.jpeg\" data-orig-size=\"1280,976\" data-comments-opened=\"0\" data-image-meta=\"{&quot;aperture&quot;:&quot;0&quot;,&quot;credit&quot;:&quot;&quot;,&quot;camera&quot;:&quot;&quot;,&quot;caption&quot;:&quot;&quot;,&quot;created_timestamp&quot;:&quot;0&quot;,&quot;copyright&quot;:&quot;&quot;,&quot;focal_length&quot;:&quot;0&quot;,&quot;iso&quot;:&quot;0&quot;,&quot;shutter_speed&quot;:&quot;0&quot;,&quot;title&quot;:&quot;&quot;,&quot;orientation&quot;:&quot;0&quot;}\" data-image-title=\"WhatsApp Image 2021-08-27 at 18.38.09\" data-image-description=\"\" data-image-caption=\"\" data-large-file=\"https:\/\/eldiariodesanpedro.com.ar\/sitio\/wp-content\/uploads\/2021\/08\/WhatsApp-Image-2021-08-27-at-18.38.09-1024x781.jpeg\" data-src=\"https:\/\/eldiariodesanpedro.com.ar\/sitio\/wp-content\/uploads\/2021\/08\/WhatsApp-Image-2021-08-27-at-18.38.09-1024x781.jpeg\" alt=\"\" class=\"wp-image-98066 lazyload\" data-srcset=\"https:\/\/eldiariodesanpedro.com.ar\/sitio\/wp-content\/uploads\/2021\/08\/WhatsApp-Image-2021-08-27-at-18.38.09-1024x781.jpeg 1024w, https:\/\/eldiariodesanpedro.com.ar\/sitio\/wp-content\/uploads\/2021\/08\/WhatsApp-Image-2021-08-27-at-18.38.09-300x229.jpeg 300w, https:\/\/eldiariodesanpedro.com.ar\/sitio\/wp-content\/uploads\/2021\/08\/WhatsApp-Image-2021-08-27-at-18.38.09-768x586.jpeg 768w, https:\/\/eldiariodesanpedro.com.ar\/sitio\/wp-content\/uploads\/2021\/08\/WhatsApp-Image-2021-08-27-at-18.38.09.jpeg 1280w\" data-sizes=\"(max-width: 1024px) 100vw, 1024px\" src=\"data:image\/svg+xml;base64,PHN2ZyB3aWR0aD0iMSIgaGVpZ2h0PSIxIiB4bWxucz0iaHR0cDovL3d3dy53My5vcmcvMjAwMC9zdmciPjwvc3ZnPg==\" style=\"--smush-placeholder-width: 1024px; --smush-placeholder-aspect-ratio: 1024\/781;\" \/><\/figure>\n","protected":false},"excerpt":{"rendered":"<p>El Ministro de Desarrollo Agrario Javier Rodr\u00edguez encabez\u00f3 hoy una reuni\u00f3n de la Mesa Provincial de Diversificaci\u00f3n de Exportaciones en la que representantes de diferentes entidades e instituciones relacionadas con la producci\u00f3n local tuvieron la oportunidad de dialogar sobre temas relacionados con el presente y el futuro de la regi\u00f3n e interactuar con representantes de [&hellip;]<\/p>\n","protected":false},"author":4,"featured_media":98065,"comment_status":"closed","ping_status":"closed","sticky":false,"template":"","format":"standard","meta":{"om_disable_all_campaigns":false,"_jetpack_memberships_contains_paid_content":false,"footnotes":""},"categories":[50,101,2],"tags":[],"class_list":["post-98064","post","type-post","status-publish","format-standard","has-post-thumbnail","hentry","category-destacadas","category-interes-general-locales","category-locales"],"aioseo_notices":[],"gutentor_comment":0,"jetpack_featured_media_url":"https:\/\/eldiariodesanpedro.com.ar\/sitio\/wp-content\/uploads\/2021\/08\/WhatsApp-Image-2021-08-27-at-18.38.09-1.jpeg","jetpack_shortlink":"https:\/\/wp.me\/p6RhLt-pvG","jetpack_sharing_enabled":true,"_links":{"self":[{"href":"https:\/\/eldiariodesanpedro.com.ar\/sitio\/wp-json\/wp\/v2\/posts\/98064","targetHints":{"allow":["GET"]}}],"collection":[{"href":"https:\/\/eldiariodesanpedro.com.ar\/sitio\/wp-json\/wp\/v2\/posts"}],"about":[{"href":"https:\/\/eldiariodesanpedro.com.ar\/sitio\/wp-json\/wp\/v2\/types\/post"}],"author":[{"embeddable":true,"href":"https:\/\/eldiariodesanpedro.com.ar\/sitio\/wp-json\/wp\/v2\/users\/4"}],"replies":[{"embeddable":true,"href":"https:\/\/eldiariodesanpedro.com.ar\/sitio\/wp-json\/wp\/v2\/comments?post=98064"}],"version-history":[{"count":1,"href":"https:\/\/eldiariodesanpedro.com.ar\/sitio\/wp-json\/wp\/v2\/posts\/98064\/revisions"}],"predecessor-version":[{"id":98070,"href":"https:\/\/eldiariodesanpedro.com.ar\/sitio\/wp-json\/wp\/v2\/posts\/98064\/revisions\/98070"}],"wp:featuredmedia":[{"embeddable":true,"href":"https:\/\/eldiariodesanpedro.com.ar\/sitio\/wp-json\/wp\/v2\/media\/98065"}],"wp:attachment":[{"href":"https:\/\/eldiariodesanpedro.com.ar\/sitio\/wp-json\/wp\/v2\/media?parent=98064"}],"wp:term":[{"taxonomy":"category","embeddable":true,"href":"https:\/\/eldiariodesanpedro.com.ar\/sitio\/wp-json\/wp\/v2\/categories?post=98064"},{"taxonomy":"post_tag","embeddable":true,"href":"https:\/\/eldiariodesanpedro.com.ar\/sitio\/wp-json\/wp\/v2\/tags?post=98064"}],"curies":[{"name":"wp","href":"https:\/\/api.w.org\/{rel}","templated":true}]}}