{"id":98052,"date":"2021-08-27T13:30:08","date_gmt":"2021-08-27T16:30:08","guid":{"rendered":"https:\/\/eldiariodesanpedro.com.ar\/sitio\/?p=98052"},"modified":"2021-08-27T13:30:13","modified_gmt":"2021-08-27T16:30:13","slug":"coopser-reanudo-el-traslado-equipos-completos-en-sus-cuadrillas","status":"publish","type":"post","link":"https:\/\/eldiariodesanpedro.com.ar\/sitio\/coopser-reanudo-el-traslado-equipos-completos-en-sus-cuadrillas\/","title":{"rendered":"COOPSER reanud\u00f3 el traslado equipos completos en sus cuadrillas"},"content":{"rendered":"<!-- VideographyWP Plugin Message: Automatic video embedding prevented by plugin options. -->\n\n<p>Los responsables de las \u00e1reas de Recursos Humanos, Seguridad e Higiene y el Departamento M\u00e9dico de COOPSER brindaron esta ma\u00f1ana al personal de los equipos de trabajo del sector el\u00e9ctrico y de obras p\u00fablicas, las instrucciones finales para reanudar la operatoria plena en todos los servicios, manteniendo todas las medidas de prevenci\u00f3n establecidas por los protocolos de Covid-19.<\/p>\n\n\n\n<p>En el obrador de R\u00f3mulo Na\u00f3n, antes de iniciar la jornada, se repasaron las condiciones esenciales que deben mantenerse en el uso de los veh\u00edculos que hasta la fecha ven\u00edan siendo utilizados s\u00f3lo por dos personas y que desde hoy podr\u00e1n transportar al personal necesario para cada tarea, con ocupaci\u00f3n plena, manteniendo los procedimientos de ventilaci\u00f3n, sanitizaci\u00f3n y el uso permanente de barbijo.<\/p>\n\n\n\n<p>El Consejo de Administraci\u00f3n de COOPSER agradece a todo su personal el esfuerzo puesto de manifiesto en todos estos meses para seguir brindando todos los servicios programados y de emergencia, destacando una vez m\u00e1s el compromiso con la seguridad y el cumplimiento de todos los protocolos que permitieron responder con eficiencia, al servicio de la comunidad sampedrina.<\/p>\n\n\n\n<figure class=\"wp-block-image size-large\"><img decoding=\"async\" width=\"1024\" height=\"576\" data-attachment-id=\"98053\" data-permalink=\"https:\/\/eldiariodesanpedro.com.ar\/sitio\/coopser-reanudo-el-traslado-equipos-completos-en-sus-cuadrillas\/coop1\/\" data-orig-file=\"https:\/\/eldiariodesanpedro.com.ar\/sitio\/wp-content\/uploads\/2021\/08\/coop1.jpg\" data-orig-size=\"1599,899\" data-comments-opened=\"0\" data-image-meta=\"{&quot;aperture&quot;:&quot;0&quot;,&quot;credit&quot;:&quot;&quot;,&quot;camera&quot;:&quot;&quot;,&quot;caption&quot;:&quot;&quot;,&quot;created_timestamp&quot;:&quot;0&quot;,&quot;copyright&quot;:&quot;&quot;,&quot;focal_length&quot;:&quot;0&quot;,&quot;iso&quot;:&quot;0&quot;,&quot;shutter_speed&quot;:&quot;0&quot;,&quot;title&quot;:&quot;&quot;,&quot;orientation&quot;:&quot;0&quot;}\" data-image-title=\"coop1\" data-image-description=\"\" data-image-caption=\"\" data-large-file=\"https:\/\/eldiariodesanpedro.com.ar\/sitio\/wp-content\/uploads\/2021\/08\/coop1-1024x576.jpg\" data-src=\"https:\/\/eldiariodesanpedro.com.ar\/sitio\/wp-content\/uploads\/2021\/08\/coop1-1024x576.jpg\" alt=\"\" class=\"wp-image-98053 lazyload\" data-srcset=\"https:\/\/eldiariodesanpedro.com.ar\/sitio\/wp-content\/uploads\/2021\/08\/coop1-1024x576.jpg 1024w, https:\/\/eldiariodesanpedro.com.ar\/sitio\/wp-content\/uploads\/2021\/08\/coop1-300x169.jpg 300w, https:\/\/eldiariodesanpedro.com.ar\/sitio\/wp-content\/uploads\/2021\/08\/coop1-768x432.jpg 768w, https:\/\/eldiariodesanpedro.com.ar\/sitio\/wp-content\/uploads\/2021\/08\/coop1-1536x864.jpg 1536w, https:\/\/eldiariodesanpedro.com.ar\/sitio\/wp-content\/uploads\/2021\/08\/coop1-800x450.jpg 800w, https:\/\/eldiariodesanpedro.com.ar\/sitio\/wp-content\/uploads\/2021\/08\/coop1.jpg 1599w\" data-sizes=\"(max-width: 1024px) 100vw, 1024px\" src=\"data:image\/svg+xml;base64,PHN2ZyB3aWR0aD0iMSIgaGVpZ2h0PSIxIiB4bWxucz0iaHR0cDovL3d3dy53My5vcmcvMjAwMC9zdmciPjwvc3ZnPg==\" style=\"--smush-placeholder-width: 1024px; --smush-placeholder-aspect-ratio: 1024\/576;\" \/><\/figure>\n","protected":false},"excerpt":{"rendered":"<p>Los responsables de las \u00e1reas de Recursos Humanos, Seguridad e Higiene y el Departamento M\u00e9dico de COOPSER brindaron esta ma\u00f1ana al personal de los equipos de trabajo del sector el\u00e9ctrico y de obras p\u00fablicas, las instrucciones finales para reanudar la operatoria plena en todos los servicios, manteniendo todas las medidas de prevenci\u00f3n establecidas por los [&hellip;]<\/p>\n","protected":false},"author":4,"featured_media":98054,"comment_status":"closed","ping_status":"closed","sticky":false,"template":"","format":"standard","meta":{"om_disable_all_campaigns":false,"_jetpack_memberships_contains_paid_content":false,"footnotes":""},"categories":[101,2],"tags":[],"class_list":["post-98052","post","type-post","status-publish","format-standard","has-post-thumbnail","hentry","category-interes-general-locales","category-locales"],"aioseo_notices":[],"gutentor_comment":0,"jetpack_featured_media_url":"https:\/\/eldiariodesanpedro.com.ar\/sitio\/wp-content\/uploads\/2021\/08\/coop2.jpg","jetpack_shortlink":"https:\/\/wp.me\/p6RhLt-pvu","jetpack_sharing_enabled":true,"_links":{"self":[{"href":"https:\/\/eldiariodesanpedro.com.ar\/sitio\/wp-json\/wp\/v2\/posts\/98052","targetHints":{"allow":["GET"]}}],"collection":[{"href":"https:\/\/eldiariodesanpedro.com.ar\/sitio\/wp-json\/wp\/v2\/posts"}],"about":[{"href":"https:\/\/eldiariodesanpedro.com.ar\/sitio\/wp-json\/wp\/v2\/types\/post"}],"author":[{"embeddable":true,"href":"https:\/\/eldiariodesanpedro.com.ar\/sitio\/wp-json\/wp\/v2\/users\/4"}],"replies":[{"embeddable":true,"href":"https:\/\/eldiariodesanpedro.com.ar\/sitio\/wp-json\/wp\/v2\/comments?post=98052"}],"version-history":[{"count":1,"href":"https:\/\/eldiariodesanpedro.com.ar\/sitio\/wp-json\/wp\/v2\/posts\/98052\/revisions"}],"predecessor-version":[{"id":98055,"href":"https:\/\/eldiariodesanpedro.com.ar\/sitio\/wp-json\/wp\/v2\/posts\/98052\/revisions\/98055"}],"wp:featuredmedia":[{"embeddable":true,"href":"https:\/\/eldiariodesanpedro.com.ar\/sitio\/wp-json\/wp\/v2\/media\/98054"}],"wp:attachment":[{"href":"https:\/\/eldiariodesanpedro.com.ar\/sitio\/wp-json\/wp\/v2\/media?parent=98052"}],"wp:term":[{"taxonomy":"category","embeddable":true,"href":"https:\/\/eldiariodesanpedro.com.ar\/sitio\/wp-json\/wp\/v2\/categories?post=98052"},{"taxonomy":"post_tag","embeddable":true,"href":"https:\/\/eldiariodesanpedro.com.ar\/sitio\/wp-json\/wp\/v2\/tags?post=98052"}],"curies":[{"name":"wp","href":"https:\/\/api.w.org\/{rel}","templated":true}]}}