{"id":9805,"date":"2016-11-06T20:19:22","date_gmt":"2016-11-06T23:19:22","guid":{"rendered":"https:\/\/eldiariodesanpedro.com.ar\/sitio\/?p=9805"},"modified":"2016-11-06T20:19:22","modified_gmt":"2016-11-06T23:19:22","slug":"entregaron-a-gustavo-liloff-la-distincion-lideres-para-el-desarrollo-gobernador-enrique-tomas-cresto","status":"publish","type":"post","link":"https:\/\/eldiariodesanpedro.com.ar\/sitio\/entregaron-a-gustavo-liloff-la-distincion-lideres-para-el-desarrollo-gobernador-enrique-tomas-cresto\/","title":{"rendered":"Entregaron a Gustavo Liloff la distinci\u00f3n \u201cL\u00edderes para el Desarrollo: Gobernador Enrique Tom\u00e1s Cresto\u201d"},"content":{"rendered":"<p><!-- VideographyWP Plugin Message: Automatic video embedding prevented by plugin options. --><br \/>\nEl evento se desarroll\u00f3 en el Sal\u00f3n Azul de la C\u00e1mara de Senadores de la Naci\u00f3n, donde se entregaron las distinciones \u201cL\u00edderes para el Desarrollo: Gobernador Enrique Tom\u00e1s Cresto\u201d, a dirigentes pol\u00edticos, legisladores, funcionarios gubernamentales, representantes de instituciones intermedias, acad\u00e9micos, trabajadores del campo social y popular, docentes y empresarios de diferentes pa\u00edses latinoamericanos que se destacan por su trabajo en beneficio de sus comunidades y el progreso de la sociedad.<\/p>\n<p>El reconocimiento que lleva el nombre del exgobernador entrerriano se instituy\u00f3 hace 15 a\u00f1os. Forma parte del Programa de Apoyo a las Iniciativas de los Gobiernos Locales, y es otorgado en forma conjunta por la Federaci\u00f3n Argentina de Municipios (FAM), la Federaci\u00f3n Latinoamericana de Ciudades, Municipios y Asociaciones de Gobiernos Locales (Flacma), la Asociaci\u00f3n Shalom y el Senado de la Naci\u00f3n.<\/p>\n<p>A trav\u00e9s de su Facebook, Lillof sostuvo: \u201cRealmente es uno de esos momentos donde uno pone m\u00e1s fuerzas para concretar muchos proyectos. Hace varios d\u00edas cuando recib\u00ed el llamado que me informaba que se me propon\u00eda para la distinci\u00f3n Gobernador Enrique Tom\u00e1s Cresto del Senado de la Naci\u00f3n me emocion\u00e9, pero entend\u00ed que ante la gran multiplicidad de propuestas la m\u00eda pod\u00eda no ser electa. El 7 de octubre se me comunicaba oficialmente que ser\u00eda reconocido con dicha distinci\u00f3n. Qu\u00e9 m\u00e1s decir\u2026 Mucha emoci\u00f3n, pero a la vez un compromiso enorme para seguir construyendo\u201d.<\/p>\n<p>Por \u00faltimo agreg\u00f3: \u201cPero, construir solo es posible con otros. Son aquellos con los que d\u00eda a d\u00eda intentamos concretar sue\u00f1os\u2026 GRACIAS\u201d.<\/p>\n<p>Este programa, declarado de inter\u00e9s parlamentario por el Senado de la Naci\u00f3n, busca poner en primer plano de la agenda internacional la definici\u00f3n de una estrategia de desarrollo que promueva el reconocimiento del continente latinoamericano, preocup\u00e1ndose por el destino de nuestras regiones y pa\u00edses.<\/p>\n<p>El objetivo es abrir espacios y generar \u00e1mbitos de trabajo perdurables en el tiempo, multiplicando la producci\u00f3n y el intercambio de conocimiento, experiencias y oportunidades con el fin de fortalecer los gobiernos locales. La red de pa\u00edses vinculados al programa est\u00e1 conformada por Argentina, Bolivia, Brasil, Chile, Colombia, Costa Rica, Ecuador, El Salvador, Guatemala, Honduras, Israel, Nicaragua, Panam\u00e1, Paraguay, Per\u00fa, Venezuela y Uruguay.<\/p>\n","protected":false},"excerpt":{"rendered":"<p>El evento se desarroll\u00f3 en el Sal\u00f3n Azul de la C\u00e1mara de Senadores de la Naci\u00f3n, donde se entregaron las distinciones \u201cL\u00edderes para el Desarrollo: Gobernador Enrique Tom\u00e1s Cresto\u201d, a dirigentes pol\u00edticos, legisladores, funcionarios gubernamentales, representantes de instituciones intermedias, acad\u00e9micos, trabajadores del campo social y popular, docentes y empresarios de diferentes pa\u00edses latinoamericanos que se [&hellip;]<\/p>\n","protected":false},"author":4,"featured_media":9808,"comment_status":"open","ping_status":"closed","sticky":false,"template":"","format":"standard","meta":{"om_disable_all_campaigns":false,"_jetpack_memberships_contains_paid_content":false,"footnotes":""},"categories":[101,2],"tags":[],"class_list":["post-9805","post","type-post","status-publish","format-standard","has-post-thumbnail","hentry","category-interes-general-locales","category-locales"],"aioseo_notices":[],"gutentor_comment":0,"jetpack_featured_media_url":"https:\/\/eldiariodesanpedro.com.ar\/sitio\/wp-content\/uploads\/2016\/11\/Gustavo-Liloff-.jpg","jetpack_shortlink":"https:\/\/wp.me\/p6RhLt-2y9","jetpack_sharing_enabled":true,"_links":{"self":[{"href":"https:\/\/eldiariodesanpedro.com.ar\/sitio\/wp-json\/wp\/v2\/posts\/9805","targetHints":{"allow":["GET"]}}],"collection":[{"href":"https:\/\/eldiariodesanpedro.com.ar\/sitio\/wp-json\/wp\/v2\/posts"}],"about":[{"href":"https:\/\/eldiariodesanpedro.com.ar\/sitio\/wp-json\/wp\/v2\/types\/post"}],"author":[{"embeddable":true,"href":"https:\/\/eldiariodesanpedro.com.ar\/sitio\/wp-json\/wp\/v2\/users\/4"}],"replies":[{"embeddable":true,"href":"https:\/\/eldiariodesanpedro.com.ar\/sitio\/wp-json\/wp\/v2\/comments?post=9805"}],"version-history":[{"count":1,"href":"https:\/\/eldiariodesanpedro.com.ar\/sitio\/wp-json\/wp\/v2\/posts\/9805\/revisions"}],"predecessor-version":[{"id":9807,"href":"https:\/\/eldiariodesanpedro.com.ar\/sitio\/wp-json\/wp\/v2\/posts\/9805\/revisions\/9807"}],"wp:featuredmedia":[{"embeddable":true,"href":"https:\/\/eldiariodesanpedro.com.ar\/sitio\/wp-json\/wp\/v2\/media\/9808"}],"wp:attachment":[{"href":"https:\/\/eldiariodesanpedro.com.ar\/sitio\/wp-json\/wp\/v2\/media?parent=9805"}],"wp:term":[{"taxonomy":"category","embeddable":true,"href":"https:\/\/eldiariodesanpedro.com.ar\/sitio\/wp-json\/wp\/v2\/categories?post=9805"},{"taxonomy":"post_tag","embeddable":true,"href":"https:\/\/eldiariodesanpedro.com.ar\/sitio\/wp-json\/wp\/v2\/tags?post=9805"}],"curies":[{"name":"wp","href":"https:\/\/api.w.org\/{rel}","templated":true}]}}