{"id":98049,"date":"2021-08-27T13:13:00","date_gmt":"2021-08-27T16:13:00","guid":{"rendered":"https:\/\/eldiariodesanpedro.com.ar\/sitio\/?p=98049"},"modified":"2021-08-27T13:13:04","modified_gmt":"2021-08-27T16:13:04","slug":"liga-deportiva-sampedrina-los-clubes-decidieron-que-hugo-cejas-no-siga-siendo-el-presidente","status":"publish","type":"post","link":"https:\/\/eldiariodesanpedro.com.ar\/sitio\/liga-deportiva-sampedrina-los-clubes-decidieron-que-hugo-cejas-no-siga-siendo-el-presidente\/","title":{"rendered":"Liga Deportiva Sampedrina: Los clubes decidieron que Hugo Cejas no siga siendo el presidente"},"content":{"rendered":"<!-- VideographyWP Plugin Message: Automatic video embedding prevented by plugin options. -->\n\n<p>Los presidentes de las instituciones afiliadas resolvieron de forma un\u00e1nime solicitarle al dirigente que renuncie al cargo. No aceptaron su licencia y si no lo hace tampoco continuar\u00e1 la Mesa Directiva.<\/p>\n\n\n\n<p>Como estaba previsto en la noche del jueves se llev\u00f3 a cabo la reuni\u00f3n de presidentes en la Liga Deportiva Sampedrina. Si bien el origen de la convocatoria era otro, se le tuvo que dar prioridad a la situaci\u00f3n generada por el regreso a la presidencia de Hugo Cejas, quien fuera condenado por un caso de violencia de g\u00e9nero causa que aun cursa el tr\u00e1mite de apelaci\u00f3n.<\/p>\n\n\n\n<p>La repercusi\u00f3n del caso y la intervenci\u00f3n de distintos actores hicieron que Cejas, pr\u00e1cticamente se viera acorralado y volviera a presentar licencia, sumado a que toda la Mesa Directiva hab\u00eda presentado su renuncia en desacuerdo con el regreso de Cejas.<\/p>\n\n\n\n<p>El jueves, ante la presencia tambi\u00e9n de la Subsecretar\u00eda de Pol\u00edticas de G\u00e9nero, Laura Monfasani, y las representantes del departamento de f\u00fatbol femenino, Bel\u00e9n Gim\u00e9nez y Marcela Gauna, los clubes resolvieron en forma un\u00e1nime rechazar el pedido de licencia de Hugo Cejas y directamente solicitarle que deje su cargo de presidente.<\/p>\n\n\n\n<p>As\u00ed, fue la propia Mesa Directiva la que se comprometi\u00f3 a notificar a Cejas sobre la resoluci\u00f3n adoptada por las instituciones afiliadas y aguardar su respuesta, que, en caso de no ser la esperada la comisi\u00f3n misma por completo dar\u00e1 un paso al costado.<\/p>\n\n\n\n<p>De la reuni\u00f3n participaron los representantes de los clubes San Roque, Paran\u00e1, Mitre, Independencia, Las Palmeras, La Esperanza, Am\u00e9rica, Central C\u00f3rdoba, Defensores Unidos y\u00a0Banfield. No estuvieron presentes los representantes del Club Pescadores y el Club N\u00e1utico San Pedro.\u00a0<\/p>\n\n\n\n<p>Fuente: <a href=\"https:\/\/www.sanpedroinforma.com.ar\/news-124409-Liga-Deportiva-Sampedrina-Una-licencia-con-olor-a-despedida\">San Pedro Informa<\/a><\/p>\n","protected":false},"excerpt":{"rendered":"<p>Los presidentes de las instituciones afiliadas resolvieron de forma un\u00e1nime solicitarle al dirigente que renuncie al cargo. No aceptaron su licencia y si no lo hace tampoco continuar\u00e1 la Mesa Directiva. Como estaba previsto en la noche del jueves se llev\u00f3 a cabo la reuni\u00f3n de presidentes en la Liga Deportiva Sampedrina. Si bien el [&hellip;]<\/p>\n","protected":false},"author":4,"featured_media":98050,"comment_status":"closed","ping_status":"closed","sticky":false,"template":"","format":"standard","meta":{"om_disable_all_campaigns":false,"_jetpack_memberships_contains_paid_content":false,"footnotes":""},"categories":[50,101,2],"tags":[],"class_list":["post-98049","post","type-post","status-publish","format-standard","has-post-thumbnail","hentry","category-destacadas","category-interes-general-locales","category-locales"],"aioseo_notices":[],"gutentor_comment":0,"jetpack_featured_media_url":"https:\/\/eldiariodesanpedro.com.ar\/sitio\/wp-content\/uploads\/2021\/08\/0000020259-resized-1920x1080-1.jpg","jetpack_shortlink":"https:\/\/wp.me\/p6RhLt-pvr","jetpack_sharing_enabled":true,"_links":{"self":[{"href":"https:\/\/eldiariodesanpedro.com.ar\/sitio\/wp-json\/wp\/v2\/posts\/98049","targetHints":{"allow":["GET"]}}],"collection":[{"href":"https:\/\/eldiariodesanpedro.com.ar\/sitio\/wp-json\/wp\/v2\/posts"}],"about":[{"href":"https:\/\/eldiariodesanpedro.com.ar\/sitio\/wp-json\/wp\/v2\/types\/post"}],"author":[{"embeddable":true,"href":"https:\/\/eldiariodesanpedro.com.ar\/sitio\/wp-json\/wp\/v2\/users\/4"}],"replies":[{"embeddable":true,"href":"https:\/\/eldiariodesanpedro.com.ar\/sitio\/wp-json\/wp\/v2\/comments?post=98049"}],"version-history":[{"count":1,"href":"https:\/\/eldiariodesanpedro.com.ar\/sitio\/wp-json\/wp\/v2\/posts\/98049\/revisions"}],"predecessor-version":[{"id":98051,"href":"https:\/\/eldiariodesanpedro.com.ar\/sitio\/wp-json\/wp\/v2\/posts\/98049\/revisions\/98051"}],"wp:featuredmedia":[{"embeddable":true,"href":"https:\/\/eldiariodesanpedro.com.ar\/sitio\/wp-json\/wp\/v2\/media\/98050"}],"wp:attachment":[{"href":"https:\/\/eldiariodesanpedro.com.ar\/sitio\/wp-json\/wp\/v2\/media?parent=98049"}],"wp:term":[{"taxonomy":"category","embeddable":true,"href":"https:\/\/eldiariodesanpedro.com.ar\/sitio\/wp-json\/wp\/v2\/categories?post=98049"},{"taxonomy":"post_tag","embeddable":true,"href":"https:\/\/eldiariodesanpedro.com.ar\/sitio\/wp-json\/wp\/v2\/tags?post=98049"}],"curies":[{"name":"wp","href":"https:\/\/api.w.org\/{rel}","templated":true}]}}