{"id":98039,"date":"2021-08-27T10:17:03","date_gmt":"2021-08-27T13:17:03","guid":{"rendered":"https:\/\/eldiariodesanpedro.com.ar\/sitio\/?p=98039"},"modified":"2021-08-27T10:18:53","modified_gmt":"2021-08-27T13:18:53","slug":"los-islenos-elevan-una-nota-para-solicitar-un-espacio-frente-a-la-costa-de-rio-tala-para-un-muelle","status":"publish","type":"post","link":"https:\/\/eldiariodesanpedro.com.ar\/sitio\/los-islenos-elevan-una-nota-para-solicitar-un-espacio-frente-a-la-costa-de-rio-tala-para-un-muelle\/","title":{"rendered":"Los isle\u00f1os elevan una nota para solicitar un espacio frente a la costa de R\u00edo Tala para un muelle"},"content":{"rendered":"<!-- VideographyWP Plugin Message: Automatic video embedding prevented by plugin options. -->\n\n<p>La asociaci\u00f3n Isle\u00f1a del Delta del Paran\u00e1 preocupada y en defensa de los intereses de la comunidad de los habitantes de las islas y en \u00e9ste caso los habitantes que viven frente a las costas de R\u00edo Tala, &nbsp; solicitaron mediante una nota a la Delegada de R\u00edo Tala&nbsp; Ana Luchessi.<\/p>\n\n\n\n<p>Un espacio de frente playero para construir un muelle para apostadero, para\u00a0 embarque o desembarque de productos a llevar a la isla o para traer al continente\u00a0 la producci\u00f3n artesanal y o fruti hort\u00edcola generada con su\u00a0 trabajo en la isla, productos que son el \u00fanico medio de de subsistencia y de intercambio\u00a0 Para llevar v\u00edveres a la isla y hasta tener un lugar de acceso para concurrir a la asistencia m\u00e9dica o tr\u00e1mites en general. As\u00ed mismo este embarcadero ser\u00eda \u00fatil para el ecoturismo posibilitando interactuar con la isla a personas que quieran conocer ese inmenso, insondable y misterioso para\u00edso, teniendo la infraestructura adecuada.<\/p>\n\n\n\n<p>La Asociaci\u00f3n Isle\u00f1a del Delta del Paran\u00e1 viene acompa\u00f1ando&nbsp; incansablemente a&nbsp; los&nbsp; &nbsp;pobladores isle\u00f1os en defensa de su territorio, su producci\u00f3n, identidad y su forma de vida.<\/p>\n\n\n\n<p>Contactos\u00a0<br>Juan Carlos Garcia\u00a0 DNI. 10.489 314<br>Oscar Sanchez \u00a0 \u00a0 DNI 14.559.033<br>Gral. del Foro de Seguridad Isle\u00f1a\u00a0 Tel.\u00a0 03487 207407 &#8211; Tel.\u00a0 03487 324297Vecinos de R\u00edo Tala<br>Laura Gabriela Campodonico\u00a0 DNI 23.065.673<br>Gustavo Leonardo Palacio DNI. 20.401.776<\/p>\n","protected":false},"excerpt":{"rendered":"<p>La asociaci\u00f3n Isle\u00f1a del Delta del Paran\u00e1 preocupada y en defensa de los intereses de la comunidad de los habitantes de las islas y en \u00e9ste caso los habitantes que viven frente a las costas de R\u00edo Tala, &nbsp; solicitaron mediante una nota a la Delegada de R\u00edo Tala&nbsp; Ana Luchessi. Un espacio de frente [&hellip;]<\/p>\n","protected":false},"author":4,"featured_media":98040,"comment_status":"closed","ping_status":"closed","sticky":false,"template":"","format":"standard","meta":{"om_disable_all_campaigns":false,"_jetpack_memberships_contains_paid_content":false,"footnotes":""},"categories":[101,2],"tags":[],"class_list":["post-98039","post","type-post","status-publish","format-standard","has-post-thumbnail","hentry","category-interes-general-locales","category-locales"],"aioseo_notices":[],"gutentor_comment":0,"jetpack_featured_media_url":"https:\/\/eldiariodesanpedro.com.ar\/sitio\/wp-content\/uploads\/2021\/08\/168090585_889578208275844_4812991862946020928_n.jpg","jetpack_shortlink":"https:\/\/wp.me\/p6RhLt-pvh","jetpack_sharing_enabled":true,"_links":{"self":[{"href":"https:\/\/eldiariodesanpedro.com.ar\/sitio\/wp-json\/wp\/v2\/posts\/98039","targetHints":{"allow":["GET"]}}],"collection":[{"href":"https:\/\/eldiariodesanpedro.com.ar\/sitio\/wp-json\/wp\/v2\/posts"}],"about":[{"href":"https:\/\/eldiariodesanpedro.com.ar\/sitio\/wp-json\/wp\/v2\/types\/post"}],"author":[{"embeddable":true,"href":"https:\/\/eldiariodesanpedro.com.ar\/sitio\/wp-json\/wp\/v2\/users\/4"}],"replies":[{"embeddable":true,"href":"https:\/\/eldiariodesanpedro.com.ar\/sitio\/wp-json\/wp\/v2\/comments?post=98039"}],"version-history":[{"count":2,"href":"https:\/\/eldiariodesanpedro.com.ar\/sitio\/wp-json\/wp\/v2\/posts\/98039\/revisions"}],"predecessor-version":[{"id":98042,"href":"https:\/\/eldiariodesanpedro.com.ar\/sitio\/wp-json\/wp\/v2\/posts\/98039\/revisions\/98042"}],"wp:featuredmedia":[{"embeddable":true,"href":"https:\/\/eldiariodesanpedro.com.ar\/sitio\/wp-json\/wp\/v2\/media\/98040"}],"wp:attachment":[{"href":"https:\/\/eldiariodesanpedro.com.ar\/sitio\/wp-json\/wp\/v2\/media?parent=98039"}],"wp:term":[{"taxonomy":"category","embeddable":true,"href":"https:\/\/eldiariodesanpedro.com.ar\/sitio\/wp-json\/wp\/v2\/categories?post=98039"},{"taxonomy":"post_tag","embeddable":true,"href":"https:\/\/eldiariodesanpedro.com.ar\/sitio\/wp-json\/wp\/v2\/tags?post=98039"}],"curies":[{"name":"wp","href":"https:\/\/api.w.org\/{rel}","templated":true}]}}