{"id":98035,"date":"2021-08-27T09:34:50","date_gmt":"2021-08-27T12:34:50","guid":{"rendered":"https:\/\/eldiariodesanpedro.com.ar\/sitio\/?p=98035"},"modified":"2021-08-27T09:35:59","modified_gmt":"2021-08-27T12:35:59","slug":"la-biblioteca-cumple-149-anos-y-lo-festeja-con-una-suelta-de-libros","status":"publish","type":"post","link":"https:\/\/eldiariodesanpedro.com.ar\/sitio\/la-biblioteca-cumple-149-anos-y-lo-festeja-con-una-suelta-de-libros\/","title":{"rendered":"La biblioteca cumple 149 a\u00f1os y lo festeja con una suelta de libros"},"content":{"rendered":"<!-- VideographyWP Plugin Message: Automatic video embedding prevented by plugin options. -->\n\n<p>Por motivo del cumplea\u00f1os N\u00ba 149 de la Biblioteca Rafael Obligado , y por el contexto que nos rodea de pandemia, se celebrar\u00e1 realizando una<strong> Suelta de Libros<\/strong>, que ya previamente han estado sanitizados, el d\u00eda <strong>29\/08<\/strong> desde la ma\u00f1ana, en distintos puntos de nuestra ciudad:&nbsp;<\/p>\n\n\n\n<p>Peatonal, Plaza Constituci\u00f3n, Plaza Belgrano, V\u00eda Crucis, Plazoleta San Cayetano, Plaza Mart\u00edn Fierro, Predio Canaletas, Club Paran\u00e1, Asilo de Ancianos, Parador Almada, C.I.C, Miradores del Bulevar, Plaza de las Madres, Plaza de la Amistad, Terminal de Tren, Terminal de \u00d3mnibus, Paseo P\u00fablico, Plaza de los Ca\u00f1ones,\u00a0Plaza de la bajada de Ch\u00e1vez\u00a0<\/p>\n\n\n\n<p>El d\u00eda del cumplea\u00f1os, el <strong>30 de agosto<\/strong>, se realizar\u00e1 un <strong>programa de radio<\/strong> por la FM La Correntada, a las 15h.<\/p>\n\n\n\n<p><em>A su vez, en el marco de los festejos por el cumplea\u00f1os, a partir d<\/em><strong><em>el 1\/09,<\/em><\/strong><em> por nuestro canal de Youtube se ver\u00e1n 3 <\/em><strong><em>charlas<\/em><\/strong><em> de inter\u00e9s general para la comunidad, con las tem\u00e1ticas:- Violencia de g\u00e9nero, con la participaci\u00f3n de Cristina Fr\u00edas, integrante de la Agrupaci\u00f3n Minerva Mirabal<\/em><br><em>-Covid-19 con la participaci\u00f3n de el Dr Sayago<\/em><br><em>-Ecolog\u00eda-Humedales con la participaci\u00f3n de representantes de Conciencia Ecol\u00f3gica<\/em><br><em>Este ciclo de charlas ser\u00e1n realizados por la periodista Betty Rodr\u00edguez.<\/em><\/p>\n\n\n\n<p>PUBLICIDAD ELECTORAL<\/p>\n\n\n\n<figure class=\"wp-block-video\"><video height=\"1280\" style=\"aspect-ratio: 1024 \/ 1280;\" width=\"1024\" controls src=\"https:\/\/eldiariodesanpedro.com.ar\/sitio\/wp-content\/uploads\/2021\/08\/LAFALCE-1.mp4\"><\/video><\/figure>\n\n\n\n<figure class=\"wp-block-video\"><video height=\"352\" style=\"aspect-ratio: 640 \/ 352;\" width=\"640\" autoplay controls src=\"https:\/\/eldiariodesanpedro.com.ar\/sitio\/wp-content\/uploads\/2021\/08\/WhatsApp-Video-2021-08-17-at-10.22.34.mp4\"><\/video><\/figure>\n","protected":false},"excerpt":{"rendered":"<p>Por motivo del cumplea\u00f1os N\u00ba 149 de la Biblioteca Rafael Obligado , y por el contexto que nos rodea de pandemia, se celebrar\u00e1 realizando una Suelta de Libros, que ya previamente han estado sanitizados, el d\u00eda 29\/08 desde la ma\u00f1ana, en distintos puntos de nuestra ciudad:&nbsp; Peatonal, Plaza Constituci\u00f3n, Plaza Belgrano, V\u00eda Crucis, Plazoleta San [&hellip;]<\/p>\n","protected":false},"author":4,"featured_media":98036,"comment_status":"closed","ping_status":"closed","sticky":false,"template":"","format":"standard","meta":{"om_disable_all_campaigns":false,"_jetpack_memberships_contains_paid_content":false,"footnotes":""},"categories":[101,2],"tags":[],"class_list":["post-98035","post","type-post","status-publish","format-standard","has-post-thumbnail","hentry","category-interes-general-locales","category-locales"],"aioseo_notices":[],"gutentor_comment":0,"jetpack_featured_media_url":"https:\/\/eldiariodesanpedro.com.ar\/sitio\/wp-content\/uploads\/2021\/08\/biblioteca_interior12.jpg","jetpack_shortlink":"https:\/\/wp.me\/p6RhLt-pvd","jetpack_sharing_enabled":true,"_links":{"self":[{"href":"https:\/\/eldiariodesanpedro.com.ar\/sitio\/wp-json\/wp\/v2\/posts\/98035","targetHints":{"allow":["GET"]}}],"collection":[{"href":"https:\/\/eldiariodesanpedro.com.ar\/sitio\/wp-json\/wp\/v2\/posts"}],"about":[{"href":"https:\/\/eldiariodesanpedro.com.ar\/sitio\/wp-json\/wp\/v2\/types\/post"}],"author":[{"embeddable":true,"href":"https:\/\/eldiariodesanpedro.com.ar\/sitio\/wp-json\/wp\/v2\/users\/4"}],"replies":[{"embeddable":true,"href":"https:\/\/eldiariodesanpedro.com.ar\/sitio\/wp-json\/wp\/v2\/comments?post=98035"}],"version-history":[{"count":2,"href":"https:\/\/eldiariodesanpedro.com.ar\/sitio\/wp-json\/wp\/v2\/posts\/98035\/revisions"}],"predecessor-version":[{"id":98038,"href":"https:\/\/eldiariodesanpedro.com.ar\/sitio\/wp-json\/wp\/v2\/posts\/98035\/revisions\/98038"}],"wp:featuredmedia":[{"embeddable":true,"href":"https:\/\/eldiariodesanpedro.com.ar\/sitio\/wp-json\/wp\/v2\/media\/98036"}],"wp:attachment":[{"href":"https:\/\/eldiariodesanpedro.com.ar\/sitio\/wp-json\/wp\/v2\/media?parent=98035"}],"wp:term":[{"taxonomy":"category","embeddable":true,"href":"https:\/\/eldiariodesanpedro.com.ar\/sitio\/wp-json\/wp\/v2\/categories?post=98035"},{"taxonomy":"post_tag","embeddable":true,"href":"https:\/\/eldiariodesanpedro.com.ar\/sitio\/wp-json\/wp\/v2\/tags?post=98035"}],"curies":[{"name":"wp","href":"https:\/\/api.w.org\/{rel}","templated":true}]}}