{"id":98030,"date":"2021-08-27T09:12:57","date_gmt":"2021-08-27T12:12:57","guid":{"rendered":"https:\/\/eldiariodesanpedro.com.ar\/sitio\/?p=98030"},"modified":"2021-08-27T09:13:01","modified_gmt":"2021-08-27T12:13:01","slug":"san-pedro-muy-cerca-del-inicio-de-un-nuevo-plan-de-viviendas-en-el-barrio-depietri","status":"publish","type":"post","link":"https:\/\/eldiariodesanpedro.com.ar\/sitio\/san-pedro-muy-cerca-del-inicio-de-un-nuevo-plan-de-viviendas-en-el-barrio-depietri\/","title":{"rendered":"San Pedro muy cerca del inicio de un nuevo Plan de Viviendas en el Barrio Depietri"},"content":{"rendered":"<!-- VideographyWP Plugin Message: Automatic video embedding prevented by plugin options. -->\n\n<p>El Intendente Municipal Cecilio Salazar y el Secretario de Obras P\u00fablicas Dr. Javier Silva, firmaron y elevaron el convenio para el inicio de la construcci\u00f3n del plan de 84 viviendas que se construir\u00e1n en el Barrio Depietri, en el marco de un proyecto financiado por el gobierno nacional, que constituye el retorno de este tipo de obras al Partido de San Pedro, despu\u00e9s de un largo tiempo.<\/p>\n\n\n\n<p>A las firmas del Intendente y del Secretario se le sumar\u00e1 en breve la del Ministro de Desarrollo Territorial y H\u00e1bitat Jorge Ferraresi, que determinar\u00e1 el primer giro de fondos para el inicio de la obra con un plazo de ejecuci\u00f3n de 19 meses y un presupuesto de 383 millones.<\/p>\n\n\n\n<p>El proyecto aprobado incluye 84 viviendas (7 de ellas adaptadas a personas de movilidad reducida o necesidades especiales) con dos dormitorios, cocina comedor y ba\u00f1o sobre una superficie de 64 metros cuadrados.<\/p>\n\n\n\n<p>La construcci\u00f3n dispondr\u00e1 de un espacio con la opci\u00f3n de poder construir a futuro una ampliaci\u00f3n como la construcci\u00f3n de otro ambiente o una entrada de veh\u00edculos.<\/p>\n\n\n\n<p>Como complemento a la construcci\u00f3n de las viviendas que se levantar\u00e1n en un loteo lindante con el Barrio Arcor se realizar\u00e1 la extensi\u00f3n de las redes de servicios de agua y cloacas que est\u00e1n contempladas dentro de un programa financiado por el gobierno de la Provincia de Buenos Aires.<\/p>\n\n\n\n<p>Los destinatarios de estas obras y las condiciones que se aplicar\u00e1n para la adjudicaci\u00f3n se comenzar\u00e1n a determinar una vez que la construcci\u00f3n se ponga en marcha, considerando adem\u00e1s que el objetivo es darle continuidad a este tipo de proyectos que intentan comenzar a dar respuestas a la alt\u00edsima demanda habitacional que tiene nuestro distrito.<\/p>\n\n\n\n<figure class=\"wp-block-image size-large\"><img decoding=\"async\" width=\"1024\" height=\"768\" data-attachment-id=\"98032\" data-permalink=\"https:\/\/eldiariodesanpedro.com.ar\/sitio\/san-pedro-muy-cerca-del-inicio-de-un-nuevo-plan-de-viviendas-en-el-barrio-depietri\/whatsapp-image-2021-08-27-at-08-32-50\/\" data-orig-file=\"https:\/\/eldiariodesanpedro.com.ar\/sitio\/wp-content\/uploads\/2021\/08\/WhatsApp-Image-2021-08-27-at-08.32.50.jpeg\" data-orig-size=\"1280,960\" data-comments-opened=\"0\" data-image-meta=\"{&quot;aperture&quot;:&quot;0&quot;,&quot;credit&quot;:&quot;&quot;,&quot;camera&quot;:&quot;&quot;,&quot;caption&quot;:&quot;&quot;,&quot;created_timestamp&quot;:&quot;0&quot;,&quot;copyright&quot;:&quot;&quot;,&quot;focal_length&quot;:&quot;0&quot;,&quot;iso&quot;:&quot;0&quot;,&quot;shutter_speed&quot;:&quot;0&quot;,&quot;title&quot;:&quot;&quot;,&quot;orientation&quot;:&quot;0&quot;}\" data-image-title=\"WhatsApp Image 2021-08-27 at 08.32.50\" data-image-description=\"\" data-image-caption=\"\" data-large-file=\"https:\/\/eldiariodesanpedro.com.ar\/sitio\/wp-content\/uploads\/2021\/08\/WhatsApp-Image-2021-08-27-at-08.32.50-1024x768.jpeg\" data-src=\"https:\/\/eldiariodesanpedro.com.ar\/sitio\/wp-content\/uploads\/2021\/08\/WhatsApp-Image-2021-08-27-at-08.32.50-1024x768.jpeg\" alt=\"\" class=\"wp-image-98032 lazyload\" data-srcset=\"https:\/\/eldiariodesanpedro.com.ar\/sitio\/wp-content\/uploads\/2021\/08\/WhatsApp-Image-2021-08-27-at-08.32.50-1024x768.jpeg 1024w, https:\/\/eldiariodesanpedro.com.ar\/sitio\/wp-content\/uploads\/2021\/08\/WhatsApp-Image-2021-08-27-at-08.32.50-300x225.jpeg 300w, https:\/\/eldiariodesanpedro.com.ar\/sitio\/wp-content\/uploads\/2021\/08\/WhatsApp-Image-2021-08-27-at-08.32.50-768x576.jpeg 768w, https:\/\/eldiariodesanpedro.com.ar\/sitio\/wp-content\/uploads\/2021\/08\/WhatsApp-Image-2021-08-27-at-08.32.50-500x375.jpeg 500w, https:\/\/eldiariodesanpedro.com.ar\/sitio\/wp-content\/uploads\/2021\/08\/WhatsApp-Image-2021-08-27-at-08.32.50.jpeg 1280w\" data-sizes=\"(max-width: 1024px) 100vw, 1024px\" src=\"data:image\/svg+xml;base64,PHN2ZyB3aWR0aD0iMSIgaGVpZ2h0PSIxIiB4bWxucz0iaHR0cDovL3d3dy53My5vcmcvMjAwMC9zdmciPjwvc3ZnPg==\" style=\"--smush-placeholder-width: 1024px; --smush-placeholder-aspect-ratio: 1024\/768;\" \/><\/figure>\n\n\n","protected":false},"excerpt":{"rendered":"<p>El Intendente Municipal Cecilio Salazar y el Secretario de Obras P\u00fablicas Dr. Javier Silva, firmaron y elevaron el convenio para el inicio de la construcci\u00f3n del plan de 84 viviendas que se construir\u00e1n en el Barrio Depietri, en el marco de un proyecto financiado por el gobierno nacional, que constituye el retorno de este tipo [&hellip;]<\/p>\n","protected":false},"author":4,"featured_media":98031,"comment_status":"closed","ping_status":"closed","sticky":false,"template":"","format":"standard","meta":{"om_disable_all_campaigns":false,"_jetpack_memberships_contains_paid_content":false,"footnotes":""},"categories":[50,101,2],"tags":[],"class_list":["post-98030","post","type-post","status-publish","format-standard","has-post-thumbnail","hentry","category-destacadas","category-interes-general-locales","category-locales"],"aioseo_notices":[],"gutentor_comment":0,"jetpack_featured_media_url":"https:\/\/eldiariodesanpedro.com.ar\/sitio\/wp-content\/uploads\/2021\/08\/medida-16.jpg","jetpack_shortlink":"https:\/\/wp.me\/p6RhLt-pv8","jetpack_sharing_enabled":true,"_links":{"self":[{"href":"https:\/\/eldiariodesanpedro.com.ar\/sitio\/wp-json\/wp\/v2\/posts\/98030","targetHints":{"allow":["GET"]}}],"collection":[{"href":"https:\/\/eldiariodesanpedro.com.ar\/sitio\/wp-json\/wp\/v2\/posts"}],"about":[{"href":"https:\/\/eldiariodesanpedro.com.ar\/sitio\/wp-json\/wp\/v2\/types\/post"}],"author":[{"embeddable":true,"href":"https:\/\/eldiariodesanpedro.com.ar\/sitio\/wp-json\/wp\/v2\/users\/4"}],"replies":[{"embeddable":true,"href":"https:\/\/eldiariodesanpedro.com.ar\/sitio\/wp-json\/wp\/v2\/comments?post=98030"}],"version-history":[{"count":1,"href":"https:\/\/eldiariodesanpedro.com.ar\/sitio\/wp-json\/wp\/v2\/posts\/98030\/revisions"}],"predecessor-version":[{"id":98034,"href":"https:\/\/eldiariodesanpedro.com.ar\/sitio\/wp-json\/wp\/v2\/posts\/98030\/revisions\/98034"}],"wp:featuredmedia":[{"embeddable":true,"href":"https:\/\/eldiariodesanpedro.com.ar\/sitio\/wp-json\/wp\/v2\/media\/98031"}],"wp:attachment":[{"href":"https:\/\/eldiariodesanpedro.com.ar\/sitio\/wp-json\/wp\/v2\/media?parent=98030"}],"wp:term":[{"taxonomy":"category","embeddable":true,"href":"https:\/\/eldiariodesanpedro.com.ar\/sitio\/wp-json\/wp\/v2\/categories?post=98030"},{"taxonomy":"post_tag","embeddable":true,"href":"https:\/\/eldiariodesanpedro.com.ar\/sitio\/wp-json\/wp\/v2\/tags?post=98030"}],"curies":[{"name":"wp","href":"https:\/\/api.w.org\/{rel}","templated":true}]}}