{"id":98023,"date":"2021-08-26T23:00:23","date_gmt":"2021-08-27T02:00:23","guid":{"rendered":"https:\/\/eldiariodesanpedro.com.ar\/sitio\/?p=98023"},"modified":"2021-08-26T23:00:28","modified_gmt":"2021-08-27T02:00:28","slug":"la-municipalidad-presento-el-proyecto-para-la-ampliacion-y-remodelacion-del-laboratorio-del-hospital-emilio-ruffa","status":"publish","type":"post","link":"https:\/\/eldiariodesanpedro.com.ar\/sitio\/la-municipalidad-presento-el-proyecto-para-la-ampliacion-y-remodelacion-del-laboratorio-del-hospital-emilio-ruffa\/","title":{"rendered":"La Municipalidad present\u00f3 el proyecto para la ampliaci\u00f3n y remodelaci\u00f3n del Laboratorio del Hospital Emilio Ruffa"},"content":{"rendered":"<!-- VideographyWP Plugin Message: Automatic video embedding prevented by plugin options. -->\n\n<p>El Intendente Cecilio Salazar y el Secretario de Obras P\u00fablicas Dr. Javier Silva firmaron hoy la documentaci\u00f3n para presentar el proyecto correspondiente a la obra de ampliaci\u00f3n y remodelaci\u00f3n total del Laboratorio del Hospital Municipal Emilio Ruffa que cuenta con una pre-aprobaci\u00f3n del gobierno provincial tras las gestiones realizadas por el jefe comunal en la \u00faltima visita del Ministro de Salud, Daniel Goll\u00e1n.<\/p>\n\n\n\n<p>El laboratorio, a cargo del Bioqu\u00edmico Adri\u00e1n Spoti, viene cumpliendo con una tarea fundamental dentro del esquema de salud p\u00fablica municipal y el crecimiento de la demanda que ya era notable antes de la Pandemia de Covid-19, se hizo mucho m\u00e1s notable en los \u00faltimos meses.<\/p>\n\n\n\n<p>La renovaci\u00f3n e incorporaci\u00f3n de equipamiento fue muy importante durante los \u00faltimos a\u00f1os y eso ha permitido dar respuestas satisfactorias a todos los vecinos y vecinas que concurren al Hospital y procesar los estudios que son solicitados desde los consultorios externos, pacientes internados, emergencias y centros de salud, entre otros.<\/p>\n\n\n\n<p>En la reciente visita del Dr. Daniel Gollan como Ministro de Salud, junto al Intendente Salazar y al Secretario de Salud Daniel Creus, se expuso la necesidad de renovar las instalaciones para que adem\u00e1s de mejorar las condiciones de trabajo y el confort de los pacientes, sea posible seguir incorporando tecnolog\u00eda y convertirlo en uno de los laboratorios m\u00e1s importantes de la Provincia.<\/p>\n\n\n\n<p>De los 60 a 70 pacientes diarios para los que fue pensado el Laboratorio, la demanda se hab\u00eda elevado antes de la Pandemia a m\u00e1s de 150 y durante la Pandemia de Covid-19 se han llegado a recibir an\u00e1lisis de m\u00e1s de 300 pacientes.<\/p>\n\n\n\n<p>El proyecto presentado comprende una obra de ampliaci\u00f3n para elevar en unos 50 metros cuadrados las instalaciones actuales, refaccionar las salas en su totalidad, renovar mesadas, mobiliario, instalaci\u00f3n el\u00e9ctrica y todo lo necesario para que puedan concretarse varios proyectos anhelados.<\/p>\n\n\n\n<p>Desde el Gobierno Provincial y puntualmente desde el Ministerio de Salud y desde la Regi\u00f3n Sanitaria se consider\u00f3 muy interesante la posibilidad de avanzar con esta iniciativa y as\u00ed convertir al Laboratorio del Hospital de San Pedro en un centro de referencia regional para procesar estudios de mayor complejidad.<\/p>\n\n\n\n<p>Para ello, dentro del proyecto se contempla la instalaci\u00f3n dentro del \u00e1rea bacteriol\u00f3gica de una campana de bioseguridad que brinde las condiciones apropiadas para procesar material de alto riesgo biol\u00f3gico.<\/p>\n\n\n\n<p>El colapso que presentan otros centros de atenci\u00f3n m\u00e1s distantes justificar\u00e1 una inversi\u00f3n mayor en San Pedro para poder ampliar los recursos humanos y t\u00e9cnicos que estar\u00edan m\u00e1s cerca de todos los sampedrinos.<\/p>\n\n\n\n<p>De esta manera comienza a recorrerse el camino para concretar otro salto de calidad estrat\u00e9gico para la Salud P\u00fablica sampedrina, en l\u00ednea con la gran cantidad de obras que ya se han ejecutado y que se est\u00e1n llevando adelante para beneficio de la comunidad y respaldo de los profesionales que forman parte de nuestro Hospital.<\/p>\n\n\n\n<figure class=\"wp-block-image size-large\"><img decoding=\"async\" width=\"1024\" height=\"768\" data-attachment-id=\"98025\" data-permalink=\"https:\/\/eldiariodesanpedro.com.ar\/sitio\/la-municipalidad-presento-el-proyecto-para-la-ampliacion-y-remodelacion-del-laboratorio-del-hospital-emilio-ruffa\/whatsapp-image-2021-08-26-at-19-30-44\/\" data-orig-file=\"https:\/\/eldiariodesanpedro.com.ar\/sitio\/wp-content\/uploads\/2021\/08\/WhatsApp-Image-2021-08-26-at-19.30.44.jpeg\" data-orig-size=\"1280,960\" data-comments-opened=\"0\" data-image-meta=\"{&quot;aperture&quot;:&quot;0&quot;,&quot;credit&quot;:&quot;&quot;,&quot;camera&quot;:&quot;&quot;,&quot;caption&quot;:&quot;&quot;,&quot;created_timestamp&quot;:&quot;0&quot;,&quot;copyright&quot;:&quot;&quot;,&quot;focal_length&quot;:&quot;0&quot;,&quot;iso&quot;:&quot;0&quot;,&quot;shutter_speed&quot;:&quot;0&quot;,&quot;title&quot;:&quot;&quot;,&quot;orientation&quot;:&quot;0&quot;}\" data-image-title=\"WhatsApp Image 2021-08-26 at 19.30.44\" data-image-description=\"\" data-image-caption=\"\" data-large-file=\"https:\/\/eldiariodesanpedro.com.ar\/sitio\/wp-content\/uploads\/2021\/08\/WhatsApp-Image-2021-08-26-at-19.30.44-1024x768.jpeg\" data-src=\"https:\/\/eldiariodesanpedro.com.ar\/sitio\/wp-content\/uploads\/2021\/08\/WhatsApp-Image-2021-08-26-at-19.30.44-1024x768.jpeg\" alt=\"\" class=\"wp-image-98025 lazyload\" data-srcset=\"https:\/\/eldiariodesanpedro.com.ar\/sitio\/wp-content\/uploads\/2021\/08\/WhatsApp-Image-2021-08-26-at-19.30.44-1024x768.jpeg 1024w, https:\/\/eldiariodesanpedro.com.ar\/sitio\/wp-content\/uploads\/2021\/08\/WhatsApp-Image-2021-08-26-at-19.30.44-300x225.jpeg 300w, https:\/\/eldiariodesanpedro.com.ar\/sitio\/wp-content\/uploads\/2021\/08\/WhatsApp-Image-2021-08-26-at-19.30.44-768x576.jpeg 768w, https:\/\/eldiariodesanpedro.com.ar\/sitio\/wp-content\/uploads\/2021\/08\/WhatsApp-Image-2021-08-26-at-19.30.44-500x375.jpeg 500w, https:\/\/eldiariodesanpedro.com.ar\/sitio\/wp-content\/uploads\/2021\/08\/WhatsApp-Image-2021-08-26-at-19.30.44.jpeg 1280w\" data-sizes=\"(max-width: 1024px) 100vw, 1024px\" src=\"data:image\/svg+xml;base64,PHN2ZyB3aWR0aD0iMSIgaGVpZ2h0PSIxIiB4bWxucz0iaHR0cDovL3d3dy53My5vcmcvMjAwMC9zdmciPjwvc3ZnPg==\" style=\"--smush-placeholder-width: 1024px; --smush-placeholder-aspect-ratio: 1024\/768;\" \/><\/figure>\n\n\n\n<figure class=\"wp-block-image size-large\"><img decoding=\"async\" width=\"1024\" height=\"768\" data-attachment-id=\"98026\" data-permalink=\"https:\/\/eldiariodesanpedro.com.ar\/sitio\/la-municipalidad-presento-el-proyecto-para-la-ampliacion-y-remodelacion-del-laboratorio-del-hospital-emilio-ruffa\/whatsapp-image-2021-08-26-at-19-30-44-1\/\" data-orig-file=\"https:\/\/eldiariodesanpedro.com.ar\/sitio\/wp-content\/uploads\/2021\/08\/WhatsApp-Image-2021-08-26-at-19.30.44-1.jpeg\" data-orig-size=\"1280,960\" data-comments-opened=\"0\" data-image-meta=\"{&quot;aperture&quot;:&quot;0&quot;,&quot;credit&quot;:&quot;&quot;,&quot;camera&quot;:&quot;&quot;,&quot;caption&quot;:&quot;&quot;,&quot;created_timestamp&quot;:&quot;0&quot;,&quot;copyright&quot;:&quot;&quot;,&quot;focal_length&quot;:&quot;0&quot;,&quot;iso&quot;:&quot;0&quot;,&quot;shutter_speed&quot;:&quot;0&quot;,&quot;title&quot;:&quot;&quot;,&quot;orientation&quot;:&quot;0&quot;}\" data-image-title=\"WhatsApp Image 2021-08-26 at 19.30.44 (1)\" data-image-description=\"\" data-image-caption=\"\" data-large-file=\"https:\/\/eldiariodesanpedro.com.ar\/sitio\/wp-content\/uploads\/2021\/08\/WhatsApp-Image-2021-08-26-at-19.30.44-1-1024x768.jpeg\" data-src=\"https:\/\/eldiariodesanpedro.com.ar\/sitio\/wp-content\/uploads\/2021\/08\/WhatsApp-Image-2021-08-26-at-19.30.44-1-1024x768.jpeg\" alt=\"\" class=\"wp-image-98026 lazyload\" data-srcset=\"https:\/\/eldiariodesanpedro.com.ar\/sitio\/wp-content\/uploads\/2021\/08\/WhatsApp-Image-2021-08-26-at-19.30.44-1-1024x768.jpeg 1024w, https:\/\/eldiariodesanpedro.com.ar\/sitio\/wp-content\/uploads\/2021\/08\/WhatsApp-Image-2021-08-26-at-19.30.44-1-300x225.jpeg 300w, https:\/\/eldiariodesanpedro.com.ar\/sitio\/wp-content\/uploads\/2021\/08\/WhatsApp-Image-2021-08-26-at-19.30.44-1-768x576.jpeg 768w, https:\/\/eldiariodesanpedro.com.ar\/sitio\/wp-content\/uploads\/2021\/08\/WhatsApp-Image-2021-08-26-at-19.30.44-1-500x375.jpeg 500w, https:\/\/eldiariodesanpedro.com.ar\/sitio\/wp-content\/uploads\/2021\/08\/WhatsApp-Image-2021-08-26-at-19.30.44-1.jpeg 1280w\" data-sizes=\"(max-width: 1024px) 100vw, 1024px\" src=\"data:image\/svg+xml;base64,PHN2ZyB3aWR0aD0iMSIgaGVpZ2h0PSIxIiB4bWxucz0iaHR0cDovL3d3dy53My5vcmcvMjAwMC9zdmciPjwvc3ZnPg==\" style=\"--smush-placeholder-width: 1024px; --smush-placeholder-aspect-ratio: 1024\/768;\" \/><\/figure>\n","protected":false},"excerpt":{"rendered":"<p>El Intendente Cecilio Salazar y el Secretario de Obras P\u00fablicas Dr. Javier Silva firmaron hoy la documentaci\u00f3n para presentar el proyecto correspondiente a la obra de ampliaci\u00f3n y remodelaci\u00f3n total del Laboratorio del Hospital Municipal Emilio Ruffa que cuenta con una pre-aprobaci\u00f3n del gobierno provincial tras las gestiones realizadas por el jefe comunal en la [&hellip;]<\/p>\n","protected":false},"author":4,"featured_media":98024,"comment_status":"closed","ping_status":"closed","sticky":false,"template":"","format":"standard","meta":{"om_disable_all_campaigns":false,"_jetpack_memberships_contains_paid_content":false,"footnotes":""},"categories":[50,101,2],"tags":[],"class_list":["post-98023","post","type-post","status-publish","format-standard","has-post-thumbnail","hentry","category-destacadas","category-interes-general-locales","category-locales"],"aioseo_notices":[],"gutentor_comment":0,"jetpack_featured_media_url":"https:\/\/eldiariodesanpedro.com.ar\/sitio\/wp-content\/uploads\/2021\/08\/WhatsApp-Image-2021-08-26-at-19.30.43.jpeg","jetpack_shortlink":"https:\/\/wp.me\/p6RhLt-pv1","jetpack_sharing_enabled":true,"_links":{"self":[{"href":"https:\/\/eldiariodesanpedro.com.ar\/sitio\/wp-json\/wp\/v2\/posts\/98023","targetHints":{"allow":["GET"]}}],"collection":[{"href":"https:\/\/eldiariodesanpedro.com.ar\/sitio\/wp-json\/wp\/v2\/posts"}],"about":[{"href":"https:\/\/eldiariodesanpedro.com.ar\/sitio\/wp-json\/wp\/v2\/types\/post"}],"author":[{"embeddable":true,"href":"https:\/\/eldiariodesanpedro.com.ar\/sitio\/wp-json\/wp\/v2\/users\/4"}],"replies":[{"embeddable":true,"href":"https:\/\/eldiariodesanpedro.com.ar\/sitio\/wp-json\/wp\/v2\/comments?post=98023"}],"version-history":[{"count":1,"href":"https:\/\/eldiariodesanpedro.com.ar\/sitio\/wp-json\/wp\/v2\/posts\/98023\/revisions"}],"predecessor-version":[{"id":98027,"href":"https:\/\/eldiariodesanpedro.com.ar\/sitio\/wp-json\/wp\/v2\/posts\/98023\/revisions\/98027"}],"wp:featuredmedia":[{"embeddable":true,"href":"https:\/\/eldiariodesanpedro.com.ar\/sitio\/wp-json\/wp\/v2\/media\/98024"}],"wp:attachment":[{"href":"https:\/\/eldiariodesanpedro.com.ar\/sitio\/wp-json\/wp\/v2\/media?parent=98023"}],"wp:term":[{"taxonomy":"category","embeddable":true,"href":"https:\/\/eldiariodesanpedro.com.ar\/sitio\/wp-json\/wp\/v2\/categories?post=98023"},{"taxonomy":"post_tag","embeddable":true,"href":"https:\/\/eldiariodesanpedro.com.ar\/sitio\/wp-json\/wp\/v2\/tags?post=98023"}],"curies":[{"name":"wp","href":"https:\/\/api.w.org\/{rel}","templated":true}]}}