{"id":9802,"date":"2016-11-06T20:14:36","date_gmt":"2016-11-06T23:14:36","guid":{"rendered":"https:\/\/eldiariodesanpedro.com.ar\/sitio\/?p=9802"},"modified":"2016-11-06T20:14:36","modified_gmt":"2016-11-06T23:14:36","slug":"el-municipio-proyecta-la-construccion-de-un-hospital-en-la-ruta-9","status":"publish","type":"post","link":"https:\/\/eldiariodesanpedro.com.ar\/sitio\/el-municipio-proyecta-la-construccion-de-un-hospital-en-la-ruta-9\/","title":{"rendered":"El municipio proyecta la construcci\u00f3n de un hospital en la ruta 9"},"content":{"rendered":"<p><!-- VideographyWP Plugin Message: Automatic video embedding prevented by plugin options. --><br \/>\nSe trata de una ambiciosa iniciativa del gobierno municipal, pero que tendr\u00e1 implicancia a nivel regional, puesto que no existe un nosocomio de este estilo en la zona. El proyecto est\u00e1 avanzado y los fondos provendr\u00edan del Banco Interamericano de Desarrollo, solo restar\u00eda conseguir un terreno propicio. Se invertir\u00edan unos 100 millones de pesos para su construcci\u00f3n.<\/p>\n<p>En ese sentido, el secretario de Salud, Dr. Edgar Britos, explic\u00f3 que en \u201cla jurisdicci\u00f3n de San Pedro que va del km 148 al 185 es el tramo de la autopista Buenos Airess-Rosario en la cual se concentra la mayor cantidad de accidentes, seg\u00fan un relevamiento estad\u00edstico del censo 2010\u201d.<\/p>\n<p>Y \u201cpara darle una asistencia adecuada\u201d a las personas que pueden verse damnificadas por  siniestros, \u201chemos pensado un proyecto superador, porque cuando hay un accidente en la ruta, se tarda un tiempo considerable en acceder en el rescate de las v\u00edctimas\u201d.<\/p>\n<p>En tanto, aclar\u00f3 que adem\u00e1s \u201cmuchas veces cuando el paciente ingresa al Hospital, posteriormente precisa un nuevo traslado por no contar ni con la aparatolog\u00eda, ni con los recursos humanos, ni con la tecnolog\u00eda adecuada para brindarle asistencia\u201d.<\/p>\n<p>\u201cEn base a esto hemos presentado un proyecto inicialmente en el OCCOVI (\u00d3rgano de Control de Concesiones Viales) que tiene a su cargo las v\u00edctimas de siniestro de tr\u00e1nsito, que debe brindarle la asistencia adecuada\u201d, pero ahora a trav\u00e9s de \u201cun \u00e1rea que depende de Rogelio Frigerio, que es la Direcci\u00f3n Nacional de Preinversi\u00f3n Municipal (DINAPREM), hemos conseguido que se nos apruebe la realizaci\u00f3n del proyecto con fondos del Banco Interamericano de Desarrollo\u201d.<\/p>\n<p>Al tiempo, se\u00f1al\u00f3: \u201cVa a ser un hospital regional porque la realidad muestra que desde Campana hasta Rosario no existe ning\u00fan nosocomio de estas caracter\u00edsticas y todas las localidades vecinas tienen la misma problem\u00e1tica que tenemos nosotros\u201d.<\/p>\n","protected":false},"excerpt":{"rendered":"<p>Se trata de una ambiciosa iniciativa del gobierno municipal, pero que tendr\u00e1 implicancia a nivel regional, puesto que no existe un nosocomio de este estilo en la zona. El proyecto est\u00e1 avanzado y los fondos provendr\u00edan del Banco Interamericano de Desarrollo, solo restar\u00eda conseguir un terreno propicio. Se invertir\u00edan unos 100 millones de pesos para [&hellip;]<\/p>\n","protected":false},"author":4,"featured_media":9803,"comment_status":"open","ping_status":"closed","sticky":false,"template":"","format":"standard","meta":{"om_disable_all_campaigns":false,"_jetpack_memberships_contains_paid_content":false,"footnotes":""},"categories":[50,101,2],"tags":[],"class_list":["post-9802","post","type-post","status-publish","format-standard","has-post-thumbnail","hentry","category-destacadas","category-interes-general-locales","category-locales"],"aioseo_notices":[],"gutentor_comment":0,"jetpack_featured_media_url":"https:\/\/eldiariodesanpedro.com.ar\/sitio\/wp-content\/uploads\/2016\/11\/edgar_britos.jpg","jetpack_shortlink":"https:\/\/wp.me\/p6RhLt-2y6","jetpack_sharing_enabled":true,"_links":{"self":[{"href":"https:\/\/eldiariodesanpedro.com.ar\/sitio\/wp-json\/wp\/v2\/posts\/9802","targetHints":{"allow":["GET"]}}],"collection":[{"href":"https:\/\/eldiariodesanpedro.com.ar\/sitio\/wp-json\/wp\/v2\/posts"}],"about":[{"href":"https:\/\/eldiariodesanpedro.com.ar\/sitio\/wp-json\/wp\/v2\/types\/post"}],"author":[{"embeddable":true,"href":"https:\/\/eldiariodesanpedro.com.ar\/sitio\/wp-json\/wp\/v2\/users\/4"}],"replies":[{"embeddable":true,"href":"https:\/\/eldiariodesanpedro.com.ar\/sitio\/wp-json\/wp\/v2\/comments?post=9802"}],"version-history":[{"count":1,"href":"https:\/\/eldiariodesanpedro.com.ar\/sitio\/wp-json\/wp\/v2\/posts\/9802\/revisions"}],"predecessor-version":[{"id":9804,"href":"https:\/\/eldiariodesanpedro.com.ar\/sitio\/wp-json\/wp\/v2\/posts\/9802\/revisions\/9804"}],"wp:featuredmedia":[{"embeddable":true,"href":"https:\/\/eldiariodesanpedro.com.ar\/sitio\/wp-json\/wp\/v2\/media\/9803"}],"wp:attachment":[{"href":"https:\/\/eldiariodesanpedro.com.ar\/sitio\/wp-json\/wp\/v2\/media?parent=9802"}],"wp:term":[{"taxonomy":"category","embeddable":true,"href":"https:\/\/eldiariodesanpedro.com.ar\/sitio\/wp-json\/wp\/v2\/categories?post=9802"},{"taxonomy":"post_tag","embeddable":true,"href":"https:\/\/eldiariodesanpedro.com.ar\/sitio\/wp-json\/wp\/v2\/tags?post=9802"}],"curies":[{"name":"wp","href":"https:\/\/api.w.org\/{rel}","templated":true}]}}