{"id":98015,"date":"2021-08-26T20:33:15","date_gmt":"2021-08-26T23:33:15","guid":{"rendered":"https:\/\/eldiariodesanpedro.com.ar\/sitio\/?p=98015"},"modified":"2021-08-26T20:33:18","modified_gmt":"2021-08-26T23:33:18","slug":"accidente-una-motociclista-choco-contra-un-automovil-que-le-abrio-la-puerta-sin-mirar-atras-2","status":"publish","type":"post","link":"https:\/\/eldiariodesanpedro.com.ar\/sitio\/accidente-una-motociclista-choco-contra-un-automovil-que-le-abrio-la-puerta-sin-mirar-atras-2\/","title":{"rendered":"Accidente: una motociclista choc\u00f3 contra un autom\u00f3vil que le abri\u00f3 la puerta sin mirar atr\u00e1s"},"content":{"rendered":"<!-- VideographyWP Plugin Message: Automatic video embedding prevented by plugin options. -->\n\n<p>En la jornada de hoy una motocicleta conducida por una mujer colision\u00f3 contra un autom\u00f3vil que le abri\u00f3 la puerta sin mirar provocando lesiones a la mujer.<\/p>\n\n\n\n<p>Este jueves pasadas las 19:30 hs se produjo un accidente en Av 3 de febrero entre Chivilcoy y Nuestra Se\u00f1ora del Socorro una motocicleta 125 cc conducido por una mujer mayor de edad colision\u00f3 contra la puerta de un autom\u00f3vil Toyota CRV conducido por un hombre mayor de edad, seg\u00fan testigos el masculino no miro para atr\u00e1s al abrir la puerta.<\/p>\n\n\n\n<p>En el lugar se hizo presente la ambulancia del SAME para trasladar a la mujer que se confirm\u00f3 que sufri\u00f3 traumatismo de cr\u00e1neo y escoriaciones en el cuerpo.&nbsp;<\/p>\n","protected":false},"excerpt":{"rendered":"<p>En la jornada de hoy una motocicleta conducida por una mujer colision\u00f3 contra un autom\u00f3vil que le abri\u00f3 la puerta sin mirar provocando lesiones a la mujer. Este jueves pasadas las 19:30 hs se produjo un accidente en Av 3 de febrero entre Chivilcoy y Nuestra Se\u00f1ora del Socorro una motocicleta 125 cc conducido por [&hellip;]<\/p>\n","protected":false},"author":4,"featured_media":98012,"comment_status":"closed","ping_status":"closed","sticky":false,"template":"","format":"standard","meta":{"om_disable_all_campaigns":false,"_jetpack_memberships_contains_paid_content":false,"footnotes":""},"categories":[50,2,103],"tags":[],"class_list":["post-98015","post","type-post","status-publish","format-standard","has-post-thumbnail","hentry","category-destacadas","category-locales","category-policiales-locales"],"aioseo_notices":[],"gutentor_comment":0,"jetpack_featured_media_url":"https:\/\/eldiariodesanpedro.com.ar\/sitio\/wp-content\/uploads\/2021\/08\/WhatsApp-Image-2021-08-26-at-20.07.41.jpeg","jetpack_shortlink":"https:\/\/wp.me\/p6RhLt-puT","jetpack_sharing_enabled":true,"_links":{"self":[{"href":"https:\/\/eldiariodesanpedro.com.ar\/sitio\/wp-json\/wp\/v2\/posts\/98015","targetHints":{"allow":["GET"]}}],"collection":[{"href":"https:\/\/eldiariodesanpedro.com.ar\/sitio\/wp-json\/wp\/v2\/posts"}],"about":[{"href":"https:\/\/eldiariodesanpedro.com.ar\/sitio\/wp-json\/wp\/v2\/types\/post"}],"author":[{"embeddable":true,"href":"https:\/\/eldiariodesanpedro.com.ar\/sitio\/wp-json\/wp\/v2\/users\/4"}],"replies":[{"embeddable":true,"href":"https:\/\/eldiariodesanpedro.com.ar\/sitio\/wp-json\/wp\/v2\/comments?post=98015"}],"version-history":[{"count":1,"href":"https:\/\/eldiariodesanpedro.com.ar\/sitio\/wp-json\/wp\/v2\/posts\/98015\/revisions"}],"predecessor-version":[{"id":98016,"href":"https:\/\/eldiariodesanpedro.com.ar\/sitio\/wp-json\/wp\/v2\/posts\/98015\/revisions\/98016"}],"wp:featuredmedia":[{"embeddable":true,"href":"https:\/\/eldiariodesanpedro.com.ar\/sitio\/wp-json\/wp\/v2\/media\/98012"}],"wp:attachment":[{"href":"https:\/\/eldiariodesanpedro.com.ar\/sitio\/wp-json\/wp\/v2\/media?parent=98015"}],"wp:term":[{"taxonomy":"category","embeddable":true,"href":"https:\/\/eldiariodesanpedro.com.ar\/sitio\/wp-json\/wp\/v2\/categories?post=98015"},{"taxonomy":"post_tag","embeddable":true,"href":"https:\/\/eldiariodesanpedro.com.ar\/sitio\/wp-json\/wp\/v2\/tags?post=98015"}],"curies":[{"name":"wp","href":"https:\/\/api.w.org\/{rel}","templated":true}]}}