{"id":98003,"date":"2021-08-26T19:02:43","date_gmt":"2021-08-26T22:02:43","guid":{"rendered":"https:\/\/eldiariodesanpedro.com.ar\/sitio\/?p=98003"},"modified":"2021-08-26T19:02:50","modified_gmt":"2021-08-26T22:02:50","slug":"edicto-de-sucesion-de-juan-jose-ares-y-ana-ines-pascuali","status":"publish","type":"post","link":"https:\/\/eldiariodesanpedro.com.ar\/sitio\/edicto-de-sucesion-de-juan-jose-ares-y-ana-ines-pascuali\/","title":{"rendered":"Edicto de Sucesi\u00f3n de Juan Jos\u00e9 Ares Y Ana Ines Pascuali"},"content":{"rendered":"<!-- VideographyWP Plugin Message: Automatic video embedding prevented by plugin options. -->\n\n<p>El Juzgado de primera Instancia en lo Civil y Comercial N\u00b0 4, Secretar\u00eda \u00fanica de La Plata, cita y emplaza por treinta d\u00edas a herederos y acreedores de <strong>Juan Jos\u00e9 Ares Y Ana Ines Pascuali<\/strong>. La Plata, 26 de agosto de 2021<\/p>\n\n\n\n<p>DR.MARIA CELINA CASTRO<br>ABOGADO SECRETARIO<\/p>\n","protected":false},"excerpt":{"rendered":"<p>El Juzgado de primera Instancia en lo Civil y Comercial N\u00b0 4, Secretar\u00eda \u00fanica de La Plata, cita y emplaza por treinta d\u00edas a herederos y acreedores de Juan Jos\u00e9 Ares Y Ana Ines Pascuali. La Plata, 26 de agosto de 2021 DR.MARIA CELINA CASTROABOGADO SECRETARIO<\/p>\n","protected":false},"author":4,"featured_media":81115,"comment_status":"closed","ping_status":"closed","sticky":false,"template":"","format":"standard","meta":{"om_disable_all_campaigns":false,"_jetpack_memberships_contains_paid_content":false,"footnotes":""},"categories":[676,677],"tags":[],"class_list":["post-98003","post","type-post","status-publish","format-standard","has-post-thumbnail","hentry","category-edictos","category-edictos-sucesorios"],"aioseo_notices":[],"gutentor_comment":0,"jetpack_featured_media_url":"https:\/\/eldiariodesanpedro.com.ar\/sitio\/wp-content\/uploads\/2020\/09\/Poder-Judicial.jpg","jetpack_shortlink":"https:\/\/wp.me\/p6RhLt-puH","jetpack_sharing_enabled":true,"_links":{"self":[{"href":"https:\/\/eldiariodesanpedro.com.ar\/sitio\/wp-json\/wp\/v2\/posts\/98003","targetHints":{"allow":["GET"]}}],"collection":[{"href":"https:\/\/eldiariodesanpedro.com.ar\/sitio\/wp-json\/wp\/v2\/posts"}],"about":[{"href":"https:\/\/eldiariodesanpedro.com.ar\/sitio\/wp-json\/wp\/v2\/types\/post"}],"author":[{"embeddable":true,"href":"https:\/\/eldiariodesanpedro.com.ar\/sitio\/wp-json\/wp\/v2\/users\/4"}],"replies":[{"embeddable":true,"href":"https:\/\/eldiariodesanpedro.com.ar\/sitio\/wp-json\/wp\/v2\/comments?post=98003"}],"version-history":[{"count":1,"href":"https:\/\/eldiariodesanpedro.com.ar\/sitio\/wp-json\/wp\/v2\/posts\/98003\/revisions"}],"predecessor-version":[{"id":98005,"href":"https:\/\/eldiariodesanpedro.com.ar\/sitio\/wp-json\/wp\/v2\/posts\/98003\/revisions\/98005"}],"wp:featuredmedia":[{"embeddable":true,"href":"https:\/\/eldiariodesanpedro.com.ar\/sitio\/wp-json\/wp\/v2\/media\/81115"}],"wp:attachment":[{"href":"https:\/\/eldiariodesanpedro.com.ar\/sitio\/wp-json\/wp\/v2\/media?parent=98003"}],"wp:term":[{"taxonomy":"category","embeddable":true,"href":"https:\/\/eldiariodesanpedro.com.ar\/sitio\/wp-json\/wp\/v2\/categories?post=98003"},{"taxonomy":"post_tag","embeddable":true,"href":"https:\/\/eldiariodesanpedro.com.ar\/sitio\/wp-json\/wp\/v2\/tags?post=98003"}],"curies":[{"name":"wp","href":"https:\/\/api.w.org\/{rel}","templated":true}]}}