{"id":9800,"date":"2016-11-06T20:04:37","date_gmt":"2016-11-06T23:04:37","guid":{"rendered":"https:\/\/eldiariodesanpedro.com.ar\/sitio\/?p=9800"},"modified":"2016-11-06T20:04:37","modified_gmt":"2016-11-06T23:04:37","slug":"golpeo-a-su-pareja-rompio-un-vidrio-su-auto-y-degollo-a-un-perro","status":"publish","type":"post","link":"https:\/\/eldiariodesanpedro.com.ar\/sitio\/golpeo-a-su-pareja-rompio-un-vidrio-su-auto-y-degollo-a-un-perro\/","title":{"rendered":"Golpe\u00f3 a su pareja, rompi\u00f3 un vidrio, su auto y degoll\u00f3 a un perro"},"content":{"rendered":"<p><!-- VideographyWP Plugin Message: Automatic video embedding prevented by plugin options. --><br \/>\nEste s\u00e1bado en horas de la noche, cerca de las 20.00, un sujeto lleg\u00f3 a un domicilio de la calle Hermano Indio al 2000 y comenz\u00f3 a proferir amenazas a la familia que all\u00ed reside. Luego, ingres\u00f3 portando en sus manos un palo de gran tama\u00f1o al patio delantero de la vivienda y se dirigi\u00f3 hacia un grupo de personas, entre las que se hallaba su concubina. Con dicho objeto golpe\u00f3 en el est\u00f3mago a su pareja y luego destruy\u00f3 el parabrisas de su veh\u00edculo, que estaba estacionado. Tambi\u00e9n hizo lo propio con la ventana de una vivienda.<\/p>\n<p>No conforme con ello, mientras se retiraba tom\u00f3 a la mascota de la familia y le provoc\u00f3 una herida cortante en cuello, lo que le provoc\u00f3 la muerte al animal.<\/p>\n<p>Los vecinos se aproximaron en ayuda, pero que no brindaron testimonios por temor. Se desconocen los motivos de la agresi\u00f3n.<\/p>\n","protected":false},"excerpt":{"rendered":"<p>Este s\u00e1bado en horas de la noche, cerca de las 20.00, un sujeto lleg\u00f3 a un domicilio de la calle Hermano Indio al 2000 y comenz\u00f3 a proferir amenazas a la familia que all\u00ed reside. Luego, ingres\u00f3 portando en sus manos un palo de gran tama\u00f1o al patio delantero de la vivienda y se dirigi\u00f3 [&hellip;]<\/p>\n","protected":false},"author":4,"featured_media":9455,"comment_status":"open","ping_status":"closed","sticky":false,"template":"","format":"standard","meta":{"om_disable_all_campaigns":false,"_jetpack_memberships_contains_paid_content":false,"footnotes":""},"categories":[2,103],"tags":[],"class_list":["post-9800","post","type-post","status-publish","format-standard","has-post-thumbnail","hentry","category-locales","category-policiales-locales"],"aioseo_notices":[],"gutentor_comment":0,"jetpack_featured_media_url":"https:\/\/eldiariodesanpedro.com.ar\/sitio\/wp-content\/uploads\/2016\/10\/patrullero-policial..jpg","jetpack_shortlink":"https:\/\/wp.me\/p6RhLt-2y4","jetpack_sharing_enabled":true,"_links":{"self":[{"href":"https:\/\/eldiariodesanpedro.com.ar\/sitio\/wp-json\/wp\/v2\/posts\/9800","targetHints":{"allow":["GET"]}}],"collection":[{"href":"https:\/\/eldiariodesanpedro.com.ar\/sitio\/wp-json\/wp\/v2\/posts"}],"about":[{"href":"https:\/\/eldiariodesanpedro.com.ar\/sitio\/wp-json\/wp\/v2\/types\/post"}],"author":[{"embeddable":true,"href":"https:\/\/eldiariodesanpedro.com.ar\/sitio\/wp-json\/wp\/v2\/users\/4"}],"replies":[{"embeddable":true,"href":"https:\/\/eldiariodesanpedro.com.ar\/sitio\/wp-json\/wp\/v2\/comments?post=9800"}],"version-history":[{"count":1,"href":"https:\/\/eldiariodesanpedro.com.ar\/sitio\/wp-json\/wp\/v2\/posts\/9800\/revisions"}],"predecessor-version":[{"id":9801,"href":"https:\/\/eldiariodesanpedro.com.ar\/sitio\/wp-json\/wp\/v2\/posts\/9800\/revisions\/9801"}],"wp:featuredmedia":[{"embeddable":true,"href":"https:\/\/eldiariodesanpedro.com.ar\/sitio\/wp-json\/wp\/v2\/media\/9455"}],"wp:attachment":[{"href":"https:\/\/eldiariodesanpedro.com.ar\/sitio\/wp-json\/wp\/v2\/media?parent=9800"}],"wp:term":[{"taxonomy":"category","embeddable":true,"href":"https:\/\/eldiariodesanpedro.com.ar\/sitio\/wp-json\/wp\/v2\/categories?post=9800"},{"taxonomy":"post_tag","embeddable":true,"href":"https:\/\/eldiariodesanpedro.com.ar\/sitio\/wp-json\/wp\/v2\/tags?post=9800"}],"curies":[{"name":"wp","href":"https:\/\/api.w.org\/{rel}","templated":true}]}}