{"id":9797,"date":"2016-11-06T20:02:28","date_gmt":"2016-11-06T23:02:28","guid":{"rendered":"https:\/\/eldiariodesanpedro.com.ar\/sitio\/?p=9797"},"modified":"2016-11-06T20:02:28","modified_gmt":"2016-11-06T23:02:28","slug":"fue-clausurado-dubai","status":"publish","type":"post","link":"https:\/\/eldiariodesanpedro.com.ar\/sitio\/fue-clausurado-dubai\/","title":{"rendered":"Fue clausurado Dubai"},"content":{"rendered":"<p><!-- VideographyWP Plugin Message: Automatic video embedding prevented by plugin options. --><br \/>\nEl sabado en horas de la madrugada, fue clausurado el local de entretenimiento denominado Dubai, el bar que se encontraba con exceso de capacidad de clientes seg\u00fan lo dispuesto por su habilitaci\u00f3n municipal, el comercio fue cerrado por personal de del Gabinete de Prevenci\u00f3n Criminol\u00f3gico San Pedro, acompa\u00f1ados por personal de DDI Baradero y personal del GAD inhabilitando sus actividades por 48 hs.<\/p>\n","protected":false},"excerpt":{"rendered":"<p>El sabado en horas de la madrugada, fue clausurado el local de entretenimiento denominado Dubai, el bar que se encontraba con exceso de capacidad de clientes seg\u00fan lo dispuesto por su habilitaci\u00f3n municipal, el comercio fue cerrado por personal de del Gabinete de Prevenci\u00f3n Criminol\u00f3gico San Pedro, acompa\u00f1ados por personal de DDI Baradero y personal [&hellip;]<\/p>\n","protected":false},"author":4,"featured_media":5682,"comment_status":"open","ping_status":"closed","sticky":false,"template":"","format":"standard","meta":{"om_disable_all_campaigns":false,"_jetpack_memberships_contains_paid_content":false,"footnotes":""},"categories":[2,103],"tags":[],"class_list":["post-9797","post","type-post","status-publish","format-standard","has-post-thumbnail","hentry","category-locales","category-policiales-locales"],"aioseo_notices":[],"gutentor_comment":0,"jetpack_featured_media_url":"https:\/\/eldiariodesanpedro.com.ar\/sitio\/wp-content\/uploads\/2016\/07\/Clausurado.jpg","jetpack_shortlink":"https:\/\/wp.me\/p6RhLt-2y1","jetpack_sharing_enabled":true,"_links":{"self":[{"href":"https:\/\/eldiariodesanpedro.com.ar\/sitio\/wp-json\/wp\/v2\/posts\/9797","targetHints":{"allow":["GET"]}}],"collection":[{"href":"https:\/\/eldiariodesanpedro.com.ar\/sitio\/wp-json\/wp\/v2\/posts"}],"about":[{"href":"https:\/\/eldiariodesanpedro.com.ar\/sitio\/wp-json\/wp\/v2\/types\/post"}],"author":[{"embeddable":true,"href":"https:\/\/eldiariodesanpedro.com.ar\/sitio\/wp-json\/wp\/v2\/users\/4"}],"replies":[{"embeddable":true,"href":"https:\/\/eldiariodesanpedro.com.ar\/sitio\/wp-json\/wp\/v2\/comments?post=9797"}],"version-history":[{"count":2,"href":"https:\/\/eldiariodesanpedro.com.ar\/sitio\/wp-json\/wp\/v2\/posts\/9797\/revisions"}],"predecessor-version":[{"id":9799,"href":"https:\/\/eldiariodesanpedro.com.ar\/sitio\/wp-json\/wp\/v2\/posts\/9797\/revisions\/9799"}],"wp:featuredmedia":[{"embeddable":true,"href":"https:\/\/eldiariodesanpedro.com.ar\/sitio\/wp-json\/wp\/v2\/media\/5682"}],"wp:attachment":[{"href":"https:\/\/eldiariodesanpedro.com.ar\/sitio\/wp-json\/wp\/v2\/media?parent=9797"}],"wp:term":[{"taxonomy":"category","embeddable":true,"href":"https:\/\/eldiariodesanpedro.com.ar\/sitio\/wp-json\/wp\/v2\/categories?post=9797"},{"taxonomy":"post_tag","embeddable":true,"href":"https:\/\/eldiariodesanpedro.com.ar\/sitio\/wp-json\/wp\/v2\/tags?post=9797"}],"curies":[{"name":"wp","href":"https:\/\/api.w.org\/{rel}","templated":true}]}}