{"id":9795,"date":"2016-11-06T19:59:19","date_gmt":"2016-11-06T22:59:19","guid":{"rendered":"https:\/\/eldiariodesanpedro.com.ar\/sitio\/?p=9795"},"modified":"2016-11-06T19:59:19","modified_gmt":"2016-11-06T22:59:19","slug":"una-senora-de-64-anos-atropellada-cuando-iba-en-su-bicicleta","status":"publish","type":"post","link":"https:\/\/eldiariodesanpedro.com.ar\/sitio\/una-senora-de-64-anos-atropellada-cuando-iba-en-su-bicicleta\/","title":{"rendered":"Una se\u00f1ora de 64 a\u00f1os atropellada cuando iba en su bicicleta"},"content":{"rendered":"<p><!-- VideographyWP Plugin Message: Automatic video embedding prevented by plugin options. --><br \/>\nEl sabado en horas del mediod\u00eda, se hizo presente personal polic\u00eda en la intersecci\u00f3n de Bvard Moreno y Calle Sargento Selada, donde se llevo a cabo un siniestro entre una bicicleta conducida por una se\u00f1ora mayor de 64 a\u00f1os de edad y una camioneta Peugeot Partner quien era conducida por un joven de 18 a\u00f1os. La se\u00f1ora al caer de la bicicleta en el asfalto resulto con lesiones leves y fue trasladada inmediatamente a la guardia del hospital local.<\/p>\n","protected":false},"excerpt":{"rendered":"<p>El sabado en horas del mediod\u00eda, se hizo presente personal polic\u00eda en la intersecci\u00f3n de Bvard Moreno y Calle Sargento Selada, donde se llevo a cabo un siniestro entre una bicicleta conducida por una se\u00f1ora mayor de 64 a\u00f1os de edad y una camioneta Peugeot Partner quien era conducida por un joven de 18 a\u00f1os. [&hellip;]<\/p>\n","protected":false},"author":4,"featured_media":5588,"comment_status":"open","ping_status":"closed","sticky":false,"template":"","format":"standard","meta":{"om_disable_all_campaigns":false,"_jetpack_memberships_contains_paid_content":false,"footnotes":""},"categories":[2,103],"tags":[],"class_list":["post-9795","post","type-post","status-publish","format-standard","has-post-thumbnail","hentry","category-locales","category-policiales-locales"],"aioseo_notices":[],"gutentor_comment":0,"jetpack_featured_media_url":"https:\/\/eldiariodesanpedro.com.ar\/sitio\/wp-content\/uploads\/2016\/06\/patrulla-policia-1.jpg","jetpack_shortlink":"https:\/\/wp.me\/p6RhLt-2xZ","jetpack_sharing_enabled":true,"_links":{"self":[{"href":"https:\/\/eldiariodesanpedro.com.ar\/sitio\/wp-json\/wp\/v2\/posts\/9795","targetHints":{"allow":["GET"]}}],"collection":[{"href":"https:\/\/eldiariodesanpedro.com.ar\/sitio\/wp-json\/wp\/v2\/posts"}],"about":[{"href":"https:\/\/eldiariodesanpedro.com.ar\/sitio\/wp-json\/wp\/v2\/types\/post"}],"author":[{"embeddable":true,"href":"https:\/\/eldiariodesanpedro.com.ar\/sitio\/wp-json\/wp\/v2\/users\/4"}],"replies":[{"embeddable":true,"href":"https:\/\/eldiariodesanpedro.com.ar\/sitio\/wp-json\/wp\/v2\/comments?post=9795"}],"version-history":[{"count":1,"href":"https:\/\/eldiariodesanpedro.com.ar\/sitio\/wp-json\/wp\/v2\/posts\/9795\/revisions"}],"predecessor-version":[{"id":9796,"href":"https:\/\/eldiariodesanpedro.com.ar\/sitio\/wp-json\/wp\/v2\/posts\/9795\/revisions\/9796"}],"wp:featuredmedia":[{"embeddable":true,"href":"https:\/\/eldiariodesanpedro.com.ar\/sitio\/wp-json\/wp\/v2\/media\/5588"}],"wp:attachment":[{"href":"https:\/\/eldiariodesanpedro.com.ar\/sitio\/wp-json\/wp\/v2\/media?parent=9795"}],"wp:term":[{"taxonomy":"category","embeddable":true,"href":"https:\/\/eldiariodesanpedro.com.ar\/sitio\/wp-json\/wp\/v2\/categories?post=9795"},{"taxonomy":"post_tag","embeddable":true,"href":"https:\/\/eldiariodesanpedro.com.ar\/sitio\/wp-json\/wp\/v2\/tags?post=9795"}],"curies":[{"name":"wp","href":"https:\/\/api.w.org\/{rel}","templated":true}]}}