{"id":97935,"date":"2021-08-27T09:00:00","date_gmt":"2021-08-27T12:00:00","guid":{"rendered":"https:\/\/eldiariodesanpedro.com.ar\/sitio\/?p=97935"},"modified":"2021-08-27T11:09:13","modified_gmt":"2021-08-27T14:09:13","slug":"asamblea-general-ordinaria-club-nautico-san-pedro","status":"publish","type":"post","link":"https:\/\/eldiariodesanpedro.com.ar\/sitio\/asamblea-general-ordinaria-club-nautico-san-pedro\/","title":{"rendered":"Asamblea General Ordinaria Club Nautico San Pedro"},"content":{"rendered":"<!-- VideographyWP Plugin Message: Automatic video embedding prevented by plugin options. -->\n\n<p class=\"has-text-align-center\"><strong>CONVOCATORIA 2021&nbsp;<\/strong><\/p>\n\n\n\n<p>Conforme a lo dispuesto por el Art. 32\u00ba de los Estatutos Sociales, se convoca a los se\u00f1ores y se\u00f1oras socios activos y vitalicios del <strong>CLUB NAUTICO SAN PEDRO<\/strong>, a la <strong>ASAMBLEA GENERAL ORDINARIA<\/strong> de su 114\u00ba Ejercicio, a realizarse en la Sede Social ubicada en las calles Avda. Juan de Garay y Rivadavia de la Ciudad de San Pedro, el d\u00eda Jueves 16 de Septiembre de 2021 a las 14:00 horas al aire libre y con las medidas de distanciamiento y sanitaria por la pandemia covid-19, para tratar el siguiente:<\/p>\n\n\n\n<p class=\"has-text-align-center\"><strong>ORDEN DEL DIA<\/strong><\/p>\n\n\n\n<ol class=\"wp-block-list\" type=\"1\"><li>Explicaci\u00f3n de los motivos por la convocatoria fuera de t\u00e9rmino.<\/li><\/ol>\n\n\n\n<ul class=\"wp-block-list\"><li>Designaci\u00f3n de dos (2) asociados para firmar el Acta de la Asamblea.<\/li><\/ul>\n\n\n\n<ul class=\"wp-block-list\"><li>Consideraci\u00f3n y aprobaci\u00f3n de la Memoria, del Estado de Situaci\u00f3n Patrimonial, Estado de Recursos y Gastos, Estados Complementarios, Anexos, Notas, Informe de la Comisi\u00f3n Revisora de Cuentas y del Auditor Externo del 114\u00ba Ejercicio, comprendido entre el 1\u00ba de Abril de 2020 y el 31 de Marzo de 2021.<\/li><\/ul>\n\n\n\n<ul class=\"wp-block-list\"><li>Fijaci\u00f3n de las cuotas sociales y de ingreso a las distintas categor\u00edas, de acuerdo con lo establecido en el Estatuto Social.<\/li><\/ul>\n\n\n\n<ul class=\"wp-block-list\"><li>Elecci\u00f3n por dos (2) a\u00f1os, por terminaci\u00f3n de mandato de VICECOMODORO en reemplazo de MAURICIO DANIEL GUGGER. Por terminaci\u00f3n de mandato de PROSECRETARIO en reemplazo de LUCIANO LEONEL GALLINA. Por terminaci\u00f3n de mandato de PROTESORERO en reemplazo de PATRICIO OLIVERA MARTINEZ. Por terminaci\u00f3n de mandato de VOCAL TITULAR 1\u00ba (Capit\u00e1n) en reemplazo de ROBERTO CEFERINO GONZALEZ y por terminaci\u00f3n de mandato de VOCAL TITULAR 5\u00ba en reemplazo de DIEGO KUTTEL.&nbsp;<\/li><\/ul>\n\n\n\n<p>Elecci\u00f3n por un (1) a\u00f1o, por renuncia de VOCAL TITULAR 2\u00ba (Sub capit\u00e1n) en reemplazo de&nbsp;CRISTIAN ALEJANDRO MAGALLANES. Elecci\u00f3n por un (1) a\u00f1o, por renuncia de VOCAL TITULAR&nbsp;3\u00ba en reemplazo de ALEJANDRO GIRANDOLA. Por terminaci\u00f3n de mandato de tres VOCALES&nbsp;SUPLENTES, en reemplazo de MATIAS RAFAEL CHAVES, JAVIER HERNAN VARELA y JUAN&nbsp; AUGUSTO BALLADORI. Por terminaci\u00f3n de mandato de tres REVISORES DE CUENTAS en&nbsp; reemplazo de JUAN CRUZ BIAIN, JUAN MATIAS ALCORTA e IVAN ZARZECKI.&nbsp;<\/p>\n\n\n\n<p>Se deja constancia que en caso de existir m\u00e1s de una lista oficializada, el acto eleccionario se llevar\u00e1 a cabo el d\u00eda s\u00e1bado 18 de Septiembre en el horario de 10 a 18 horas.<\/p>\n\n\n\n<p>Las listas de candidatos deber\u00e1n ser presentadas ante la Comisi\u00f3n Directiva hasta las 24 horas del d\u00eda s\u00e1bado 11 de Septiembre de 2021, en la Secretar\u00eda de la Sede Social o en su defecto en la Porter\u00eda Principal.<\/p>\n\n\n\n<p class=\"has-text-align-center\">                            <strong>   Dar\u00edo Rub\u00e9n L\u00f3pez &nbsp;&nbsp;&nbsp;&nbsp;&nbsp;&nbsp;&nbsp;&nbsp;&nbsp;&nbsp;&nbsp;&nbsp;&nbsp; &nbsp;&nbsp;&nbsp;&nbsp;&nbsp;&nbsp;&nbsp;&nbsp;&nbsp;&nbsp;&nbsp;&nbsp;&nbsp;&nbsp;&nbsp;       Marcos Pedro Noizeux Arana<br>                                Secretario      &nbsp;&nbsp;&nbsp;&nbsp;&nbsp;&nbsp;&nbsp;&nbsp;&nbsp;&nbsp;&nbsp; &nbsp;&nbsp;&nbsp;&nbsp;&nbsp;&nbsp;&nbsp;&nbsp;&nbsp;&nbsp;&nbsp;&nbsp;&nbsp;&nbsp;&nbsp;                              Comodoro<\/strong>&nbsp;<\/p>\n\n\n\n<p>ART. 35\u00ba) Las Asambleas se celebrar\u00e1n v\u00e1lidamente con la presencia de la mitad m\u00e1s uno de los Socios con derecho a voto. Una hora despu\u00e9s de la fijada, si antes no se hubiere conseguido ese n\u00famero, se reunir\u00e1 legalmente constituida con el n\u00famero de socios presentes,&nbsp; siempre que no fuera inferior al total de los miembros de la Comisi\u00f3n Directiva.<\/p>\n","protected":false},"excerpt":{"rendered":"<p>CONVOCATORIA 2021&nbsp; Conforme a lo dispuesto por el Art. 32\u00ba de los Estatutos Sociales, se convoca a los se\u00f1ores y se\u00f1oras socios activos y vitalicios del CLUB NAUTICO SAN PEDRO, a la ASAMBLEA GENERAL ORDINARIA de su 114\u00ba Ejercicio, a realizarse en la Sede Social ubicada en las calles Avda. Juan de Garay y Rivadavia [&hellip;]<\/p>\n","protected":false},"author":4,"featured_media":97936,"comment_status":"closed","ping_status":"closed","sticky":false,"template":"","format":"standard","meta":{"om_disable_all_campaigns":false,"_jetpack_memberships_contains_paid_content":false,"footnotes":""},"categories":[678,676],"tags":[],"class_list":["post-97935","post","type-post","status-publish","format-standard","has-post-thumbnail","hentry","category-convocatorias","category-edictos"],"aioseo_notices":[],"gutentor_comment":0,"jetpack_featured_media_url":"https:\/\/eldiariodesanpedro.com.ar\/sitio\/wp-content\/uploads\/2021\/08\/Club-Nautico-Convocatoria-2021-marzo.jpg","jetpack_shortlink":"https:\/\/wp.me\/p6RhLt-ptB","jetpack_sharing_enabled":true,"_links":{"self":[{"href":"https:\/\/eldiariodesanpedro.com.ar\/sitio\/wp-json\/wp\/v2\/posts\/97935","targetHints":{"allow":["GET"]}}],"collection":[{"href":"https:\/\/eldiariodesanpedro.com.ar\/sitio\/wp-json\/wp\/v2\/posts"}],"about":[{"href":"https:\/\/eldiariodesanpedro.com.ar\/sitio\/wp-json\/wp\/v2\/types\/post"}],"author":[{"embeddable":true,"href":"https:\/\/eldiariodesanpedro.com.ar\/sitio\/wp-json\/wp\/v2\/users\/4"}],"replies":[{"embeddable":true,"href":"https:\/\/eldiariodesanpedro.com.ar\/sitio\/wp-json\/wp\/v2\/comments?post=97935"}],"version-history":[{"count":2,"href":"https:\/\/eldiariodesanpedro.com.ar\/sitio\/wp-json\/wp\/v2\/posts\/97935\/revisions"}],"predecessor-version":[{"id":98046,"href":"https:\/\/eldiariodesanpedro.com.ar\/sitio\/wp-json\/wp\/v2\/posts\/97935\/revisions\/98046"}],"wp:featuredmedia":[{"embeddable":true,"href":"https:\/\/eldiariodesanpedro.com.ar\/sitio\/wp-json\/wp\/v2\/media\/97936"}],"wp:attachment":[{"href":"https:\/\/eldiariodesanpedro.com.ar\/sitio\/wp-json\/wp\/v2\/media?parent=97935"}],"wp:term":[{"taxonomy":"category","embeddable":true,"href":"https:\/\/eldiariodesanpedro.com.ar\/sitio\/wp-json\/wp\/v2\/categories?post=97935"},{"taxonomy":"post_tag","embeddable":true,"href":"https:\/\/eldiariodesanpedro.com.ar\/sitio\/wp-json\/wp\/v2\/tags?post=97935"}],"curies":[{"name":"wp","href":"https:\/\/api.w.org\/{rel}","templated":true}]}}