{"id":9791,"date":"2016-11-06T19:53:20","date_gmt":"2016-11-06T22:53:20","guid":{"rendered":"https:\/\/eldiariodesanpedro.com.ar\/sitio\/?p=9791"},"modified":"2016-11-06T19:53:20","modified_gmt":"2016-11-06T22:53:20","slug":"golpeo-a-la-mujer-de-su-ex-despues-del-casamiento","status":"publish","type":"post","link":"https:\/\/eldiariodesanpedro.com.ar\/sitio\/golpeo-a-la-mujer-de-su-ex-despues-del-casamiento\/","title":{"rendered":"Golpe\u00f3 a la mujer de su ex, despues del casamiento"},"content":{"rendered":"<p><!-- VideographyWP Plugin Message: Automatic video embedding prevented by plugin options. --><br \/>\nEn horas del mediod\u00eda de este viernes, se produjo un altercado donde la polic\u00eda debi\u00f3 intervenir, en la zona c\u00e9ntrica de nuestra ciudad mas precisamente en la esquina de Mitre y peatonal, dos mujeres mayores de edad tuvieron una ri\u00f1a en plena calle, el motivo de la pelea fue por que minutos antes una de las mujeres se hab\u00eda casado con la ex pareja de la otra mujer implicada en el hecho.<\/p>\n<p>La agresora que trabaja en la cercan\u00eda del lugar tomo el festejo de la boda que se estaba realizando en el tradicional Bar Butti como una provocaci\u00f3n, ofuscada por lo que ocurr\u00eda fue y a  la novia la golpeo produci\u00e9ndole un corte en la ceja. <\/p>\n<p>Las dos mujeres fueron trasladadas a la comisaria local donde se hicieron las denuncias pertinentes. <\/p>\n","protected":false},"excerpt":{"rendered":"<p>En horas del mediod\u00eda de este viernes, se produjo un altercado donde la polic\u00eda debi\u00f3 intervenir, en la zona c\u00e9ntrica de nuestra ciudad mas precisamente en la esquina de Mitre y peatonal, dos mujeres mayores de edad tuvieron una ri\u00f1a en plena calle, el motivo de la pelea fue por que minutos antes una de [&hellip;]<\/p>\n","protected":false},"author":4,"featured_media":849,"comment_status":"open","ping_status":"closed","sticky":false,"template":"","format":"standard","meta":{"om_disable_all_campaigns":false,"_jetpack_memberships_contains_paid_content":false,"footnotes":""},"categories":[2,103],"tags":[],"class_list":["post-9791","post","type-post","status-publish","format-standard","has-post-thumbnail","hentry","category-locales","category-policiales-locales"],"aioseo_notices":[],"gutentor_comment":0,"jetpack_featured_media_url":"https:\/\/eldiariodesanpedro.com.ar\/sitio\/wp-content\/uploads\/2015\/11\/patrulleronoviembre.jpg","jetpack_shortlink":"https:\/\/wp.me\/p6RhLt-2xV","jetpack_sharing_enabled":true,"_links":{"self":[{"href":"https:\/\/eldiariodesanpedro.com.ar\/sitio\/wp-json\/wp\/v2\/posts\/9791","targetHints":{"allow":["GET"]}}],"collection":[{"href":"https:\/\/eldiariodesanpedro.com.ar\/sitio\/wp-json\/wp\/v2\/posts"}],"about":[{"href":"https:\/\/eldiariodesanpedro.com.ar\/sitio\/wp-json\/wp\/v2\/types\/post"}],"author":[{"embeddable":true,"href":"https:\/\/eldiariodesanpedro.com.ar\/sitio\/wp-json\/wp\/v2\/users\/4"}],"replies":[{"embeddable":true,"href":"https:\/\/eldiariodesanpedro.com.ar\/sitio\/wp-json\/wp\/v2\/comments?post=9791"}],"version-history":[{"count":1,"href":"https:\/\/eldiariodesanpedro.com.ar\/sitio\/wp-json\/wp\/v2\/posts\/9791\/revisions"}],"predecessor-version":[{"id":9792,"href":"https:\/\/eldiariodesanpedro.com.ar\/sitio\/wp-json\/wp\/v2\/posts\/9791\/revisions\/9792"}],"wp:featuredmedia":[{"embeddable":true,"href":"https:\/\/eldiariodesanpedro.com.ar\/sitio\/wp-json\/wp\/v2\/media\/849"}],"wp:attachment":[{"href":"https:\/\/eldiariodesanpedro.com.ar\/sitio\/wp-json\/wp\/v2\/media?parent=9791"}],"wp:term":[{"taxonomy":"category","embeddable":true,"href":"https:\/\/eldiariodesanpedro.com.ar\/sitio\/wp-json\/wp\/v2\/categories?post=9791"},{"taxonomy":"post_tag","embeddable":true,"href":"https:\/\/eldiariodesanpedro.com.ar\/sitio\/wp-json\/wp\/v2\/tags?post=9791"}],"curies":[{"name":"wp","href":"https:\/\/api.w.org\/{rel}","templated":true}]}}