{"id":97850,"date":"2021-08-24T11:55:29","date_gmt":"2021-08-24T14:55:29","guid":{"rendered":"https:\/\/eldiariodesanpedro.com.ar\/sitio\/?p=97850"},"modified":"2021-08-24T11:55:33","modified_gmt":"2021-08-24T14:55:33","slug":"un-ciudadano-aprehendido-por-violacion-de-domicilio","status":"publish","type":"post","link":"https:\/\/eldiariodesanpedro.com.ar\/sitio\/un-ciudadano-aprehendido-por-violacion-de-domicilio\/","title":{"rendered":"Un ciudadano aprehendido por violaci\u00f3n de domicilio"},"content":{"rendered":"<!-- VideographyWP Plugin Message: Automatic video embedding prevented by plugin options. -->\n\n<p>En la jornada de ayer en horas de la ma\u00f1ana la polic\u00eda tuvo que intervenir para la aprehensi\u00f3n de un ciudadano que ingres\u00f3 dentro de un campo sin consentimiento de sus propietarios.<\/p>\n\n\n\n<p>En la jornada de ayer se recibi\u00f3 un llamado al 911 donde una mujer de 47 a\u00f1os de edad due\u00f1a de una finca ubicada en calle 41 al 1300 quien manifiesta que dentro de su predio se encontraba un hombre de 33 a\u00f1os de edad con actitud sospechosa&nbsp; y sin consentimiento para estar en ese lugar por lo que un m\u00f3vil policial se hizo presente en el lugar para aprehender y al momento del correspondiente cacheo se pudo encontrar entre sus prendas un arma blanca.<\/p>\n\n\n\n<p>El ciudadano fue trasladado a la comisar\u00eda local donde tras los recaudos legales qued\u00f3 en libertad.<\/p>\n","protected":false},"excerpt":{"rendered":"<p>En la jornada de ayer en horas de la ma\u00f1ana la polic\u00eda tuvo que intervenir para la aprehensi\u00f3n de un ciudadano que ingres\u00f3 dentro de un campo sin consentimiento de sus propietarios. En la jornada de ayer se recibi\u00f3 un llamado al 911 donde una mujer de 47 a\u00f1os de edad due\u00f1a de una finca [&hellip;]<\/p>\n","protected":false},"author":4,"featured_media":97855,"comment_status":"closed","ping_status":"closed","sticky":false,"template":"","format":"standard","meta":{"om_disable_all_campaigns":false,"_jetpack_memberships_contains_paid_content":false,"footnotes":""},"categories":[2],"tags":[],"class_list":["post-97850","post","type-post","status-publish","format-standard","has-post-thumbnail","hentry","category-locales"],"aioseo_notices":[],"gutentor_comment":0,"jetpack_featured_media_url":"https:\/\/eldiariodesanpedro.com.ar\/sitio\/wp-content\/uploads\/2021\/08\/medida-11.jpg","jetpack_shortlink":"https:\/\/wp.me\/p6RhLt-pse","jetpack_sharing_enabled":true,"_links":{"self":[{"href":"https:\/\/eldiariodesanpedro.com.ar\/sitio\/wp-json\/wp\/v2\/posts\/97850","targetHints":{"allow":["GET"]}}],"collection":[{"href":"https:\/\/eldiariodesanpedro.com.ar\/sitio\/wp-json\/wp\/v2\/posts"}],"about":[{"href":"https:\/\/eldiariodesanpedro.com.ar\/sitio\/wp-json\/wp\/v2\/types\/post"}],"author":[{"embeddable":true,"href":"https:\/\/eldiariodesanpedro.com.ar\/sitio\/wp-json\/wp\/v2\/users\/4"}],"replies":[{"embeddable":true,"href":"https:\/\/eldiariodesanpedro.com.ar\/sitio\/wp-json\/wp\/v2\/comments?post=97850"}],"version-history":[{"count":1,"href":"https:\/\/eldiariodesanpedro.com.ar\/sitio\/wp-json\/wp\/v2\/posts\/97850\/revisions"}],"predecessor-version":[{"id":97856,"href":"https:\/\/eldiariodesanpedro.com.ar\/sitio\/wp-json\/wp\/v2\/posts\/97850\/revisions\/97856"}],"wp:featuredmedia":[{"embeddable":true,"href":"https:\/\/eldiariodesanpedro.com.ar\/sitio\/wp-json\/wp\/v2\/media\/97855"}],"wp:attachment":[{"href":"https:\/\/eldiariodesanpedro.com.ar\/sitio\/wp-json\/wp\/v2\/media?parent=97850"}],"wp:term":[{"taxonomy":"category","embeddable":true,"href":"https:\/\/eldiariodesanpedro.com.ar\/sitio\/wp-json\/wp\/v2\/categories?post=97850"},{"taxonomy":"post_tag","embeddable":true,"href":"https:\/\/eldiariodesanpedro.com.ar\/sitio\/wp-json\/wp\/v2\/tags?post=97850"}],"curies":[{"name":"wp","href":"https:\/\/api.w.org\/{rel}","templated":true}]}}