{"id":97847,"date":"2021-08-24T10:41:34","date_gmt":"2021-08-24T13:41:34","guid":{"rendered":"https:\/\/eldiariodesanpedro.com.ar\/sitio\/?p=97847"},"modified":"2021-08-24T10:41:41","modified_gmt":"2021-08-24T13:41:41","slug":"axel-kicillof-va-por-mas-presencialidad-completa-en-las-escuelas","status":"publish","type":"post","link":"https:\/\/eldiariodesanpedro.com.ar\/sitio\/axel-kicillof-va-por-mas-presencialidad-completa-en-las-escuelas\/","title":{"rendered":"Axel Kicillof va por m\u00e1s presencialidad completa en las escuelas"},"content":{"rendered":"<!-- VideographyWP Plugin Message: Automatic video embedding prevented by plugin options. -->\n\n<p>El gobernador bonaerense, Axel Kicillof, elevar\u00e1 una propuesta al Consejo Federal de Educaci\u00f3n para una mayor frecuencia en la presencialidad.<\/p>\n\n\n\n<p>En el marco de la habitual conferencia de los martes, el gobernador bonaerense,<strong>\u00a0Axel Kicillof<\/strong>, inform\u00f3 que la Provincia presentar\u00e1 una propuesta a la Naci\u00f3n para ir hacia una mayor\u00a0presencialidad\u00a0en las\u00a0escuelas.<\/p>\n\n\n\n<p>El mandatario bonaerense se\u00f1al\u00f3 que esta propuesta que enviar\u00e1 al Consejo Federal de Educaci\u00f3n se enmarca en el descenso sostenido de los casos de Covid-19 durante 13 semanas consecutivas.<\/p>\n\n\n\n<p><strong>\u201cNosotros cuando tomamos decisiones lo hacemos en conjunto con la Naci\u00f3n. La Provincia no solo acata las leyes y decretos, sino que trabaja de manera conjunta y federal\u201d,<\/strong>&nbsp;desliz\u00f3 Kicillof y se diferenci\u00f3 de la Ciudad de Buenos Aires.<\/p>\n\n\n\n<p>En la propuesta que presentar\u00e1 la Provincia al Consejo se incluyen cambios en los protocolos de cuidados para aplicar en las escuelas bonaerenses \u201cpara permitir una mayor frecuencia en la presencialidad\u201d.<\/p>\n\n\n\n<p>\u201cL<strong>os ni\u00f1os y ni\u00f1as se contagian y contagian, eso ocurre tambi\u00e9n en las escuelas, por eso la orientaci\u00f3n es adecuar los protocolos, pero continuar los cuidados.<\/strong>&nbsp;Hemos logrado exitosamente demorar el ingreso de la variante delta, sobre todo la circulaci\u00f3n comunitaria\u201d, manifest\u00f3 el gobernador.<\/p>\n\n\n\n<p>Asimismo, sostuvo que&nbsp;<strong>\u00abeso es cuidar la infancia: no dejar que los chicos se contagien y enfermen\u00bb.<\/strong><\/p>\n\n\n\n<h2 class=\"wp-block-heading\">Las propuestas al Consejo Federal<\/h2>\n\n\n\n<p>Entre las medidas de cuidado para las escuelas, el gobernador destac\u00f3 que habr\u00e1 que mantener la higiene personal, el uso de tapaboca obligatorio, distanciamiento en las aulas y la ventilaci\u00f3n.<\/p>\n\n\n\n<p><strong>\u201cHemos tomado medida de avanzada con los medidores de di\u00f3xido de carbono para saber si la ventilaci\u00f3n es suficiente. Ahora Inglaterra sum\u00f3 estos medidores\u201d,<\/strong>&nbsp;afirm\u00f3 Kicillof.<\/p>\n\n\n\n<p>Adem\u00e1s, sostuvo que siguieron la experiencia de la autoridad de protecci\u00f3n de enfermedades de Nueva York para establecer las nuevas disposiciones.<\/p>\n\n\n\n<p><strong>\u201cLa distancia \u00f3ptima sigue siendo de 1,5 metros, pero proponemos que la distancia admisible sea de 90 cent\u00edmetros entre personas, si fuera menor proponemos reforzar los testeos y la ventilaci\u00f3n\u201d,<\/strong>&nbsp;aclar\u00f3.<\/p>\n\n\n\n<p>As\u00ed, asegur\u00f3 que se reforzar\u00e1n m\u00e1s la medidas de monitoreo en los establecimientos que no se pueden aplicar las medidas de distanciamiento y sostuvo que ya est\u00e1n identificadas esas escuelas.<\/p>\n\n\n\n<p>\u00abEn base a esta propuesta vamos a estar muy cerca de la presencialidad plena. Va a haber casos puntuales en los que no se va a alcanzar la presencialidad plena, vamos a ver c\u00f3mo podemos reforzar en casos puntuales\u00bb, marc\u00f3.<\/p>\n\n\n\n<p>Asimismo, se\u00f1al\u00f3 que de aprobarse estos cambios en el protocolo ser\u00eda de forma inmediata en todos los distritos teniendo en cuenta que los problemas son por establecimiento m\u00e1s que por localidad. \u201cEn esos casos buscaremos hacer controles m\u00e1s r\u00edgidos\u201d, marc\u00f3.<\/p>\n\n\n\n<p>Fuente: infocielo<\/p>\n","protected":false},"excerpt":{"rendered":"<p>El gobernador bonaerense, Axel Kicillof, elevar\u00e1 una propuesta al Consejo Federal de Educaci\u00f3n para una mayor frecuencia en la presencialidad. En el marco de la habitual conferencia de los martes, el gobernador bonaerense,\u00a0Axel Kicillof, inform\u00f3 que la Provincia presentar\u00e1 una propuesta a la Naci\u00f3n para ir hacia una mayor\u00a0presencialidad\u00a0en las\u00a0escuelas. El mandatario bonaerense se\u00f1al\u00f3 que [&hellip;]<\/p>\n","protected":false},"author":4,"featured_media":97848,"comment_status":"closed","ping_status":"closed","sticky":false,"template":"","format":"standard","meta":{"om_disable_all_campaigns":false,"_jetpack_memberships_contains_paid_content":false,"footnotes":""},"categories":[2],"tags":[],"class_list":["post-97847","post","type-post","status-publish","format-standard","has-post-thumbnail","hentry","category-locales"],"aioseo_notices":[],"gutentor_comment":0,"jetpack_featured_media_url":"https:\/\/eldiariodesanpedro.com.ar\/sitio\/wp-content\/uploads\/2021\/08\/axel-kicillof-nicolas-kreplak-y-carlos-bianco-0208.jpg","jetpack_shortlink":"https:\/\/wp.me\/p6RhLt-psb","jetpack_sharing_enabled":true,"_links":{"self":[{"href":"https:\/\/eldiariodesanpedro.com.ar\/sitio\/wp-json\/wp\/v2\/posts\/97847","targetHints":{"allow":["GET"]}}],"collection":[{"href":"https:\/\/eldiariodesanpedro.com.ar\/sitio\/wp-json\/wp\/v2\/posts"}],"about":[{"href":"https:\/\/eldiariodesanpedro.com.ar\/sitio\/wp-json\/wp\/v2\/types\/post"}],"author":[{"embeddable":true,"href":"https:\/\/eldiariodesanpedro.com.ar\/sitio\/wp-json\/wp\/v2\/users\/4"}],"replies":[{"embeddable":true,"href":"https:\/\/eldiariodesanpedro.com.ar\/sitio\/wp-json\/wp\/v2\/comments?post=97847"}],"version-history":[{"count":1,"href":"https:\/\/eldiariodesanpedro.com.ar\/sitio\/wp-json\/wp\/v2\/posts\/97847\/revisions"}],"predecessor-version":[{"id":97849,"href":"https:\/\/eldiariodesanpedro.com.ar\/sitio\/wp-json\/wp\/v2\/posts\/97847\/revisions\/97849"}],"wp:featuredmedia":[{"embeddable":true,"href":"https:\/\/eldiariodesanpedro.com.ar\/sitio\/wp-json\/wp\/v2\/media\/97848"}],"wp:attachment":[{"href":"https:\/\/eldiariodesanpedro.com.ar\/sitio\/wp-json\/wp\/v2\/media?parent=97847"}],"wp:term":[{"taxonomy":"category","embeddable":true,"href":"https:\/\/eldiariodesanpedro.com.ar\/sitio\/wp-json\/wp\/v2\/categories?post=97847"},{"taxonomy":"post_tag","embeddable":true,"href":"https:\/\/eldiariodesanpedro.com.ar\/sitio\/wp-json\/wp\/v2\/tags?post=97847"}],"curies":[{"name":"wp","href":"https:\/\/api.w.org\/{rel}","templated":true}]}}