{"id":97843,"date":"2021-08-24T09:59:52","date_gmt":"2021-08-24T12:59:52","guid":{"rendered":"https:\/\/eldiariodesanpedro.com.ar\/sitio\/?p=97843"},"modified":"2021-08-24T09:59:56","modified_gmt":"2021-08-24T12:59:56","slug":"cronograma-de-anses-para-este-martes-9","status":"publish","type":"post","link":"https:\/\/eldiariodesanpedro.com.ar\/sitio\/cronograma-de-anses-para-este-martes-9\/","title":{"rendered":"Cronograma de Anses para este martes"},"content":{"rendered":"<!-- VideographyWP Plugin Message: Automatic video embedding prevented by plugin options. -->\n\n<p>El organismo, a cargo de la Lic. Fernanda Raverta, informa que hoy se abonan jubilaciones, pensiones, Asignaci\u00f3n por Embarazo, Prestaci\u00f3n por Desempleo y el programa Alimentario PAMI. Cabe destacar que este mes se deposita, junto con los haberes mensuales, el bono de 5000 pesos para titulares previsionales. As\u00ed, las personas que considerando la suma de todas sus prestaciones cobran hasta dos haberes m\u00ednimos (46.129,40 pesos) reciben el monto total y las que perciben entre 46.129,41 y 51.129,40 pesos, el equivalente hasta alcanzar esta \u00faltima cifra.<\/p>\n\n\n\n<p><strong>Jubilaciones y pensiones&nbsp;<\/strong><\/p>\n\n\n\n<p>Las sucursales bancarias habilitadas atender\u00e1n por ventanilla a jubilados, jubiladas, pensionados y pensionadas que tengan haberes entre <strong>25.923 pesos<\/strong> y<strong> 155.203 pesos <\/strong>y sus<strong> <\/strong>documentos terminen en <strong>0 <\/strong>y<strong> 1<\/strong>.<\/p>\n\n\n\n<p><strong>Asignaci\u00f3n por Embarazo<\/strong><\/p>\n\n\n\n<p>Con la utilizaci\u00f3n de la tarjeta de d\u00e9bito, hoy cobran la Asignaci\u00f3n por Embarazo las titulares con documentos finalizados en <strong>9<\/strong>.<\/p>\n\n\n\n<p><strong>Prestaci\u00f3n por Desempleo<\/strong><\/p>\n\n\n\n<p>Hoy perciben la Prestaci\u00f3n por Desempleo las personas cuyos documentos concluyan en <strong>0 <\/strong>y<strong> 1<\/strong>.<\/p>\n\n\n\n<p><strong>Programa Alimentario PAMI<\/strong>En el marco del Programa Alimentario PAMI, la ANSES abona hoy el pago extraordinario equivalente al monto del bols\u00f3n de alimentos para jubilados, jubiladas, pensionados y pensionadas con documentos terminados en <strong>0 <\/strong>y <strong>1 <\/strong>cuyos<strong> haberes SUPEREN la suma de 25.923 pesos<\/strong>. Para m\u00e1s informaci\u00f3n se puede ingresar a <a href=\"http:\/\/www.pami.org.ar\/programa-alimentario\">www.pami.org.ar\/programa-alimentario<\/a>.<\/p>\n","protected":false},"excerpt":{"rendered":"<p>El organismo, a cargo de la Lic. Fernanda Raverta, informa que hoy se abonan jubilaciones, pensiones, Asignaci\u00f3n por Embarazo, Prestaci\u00f3n por Desempleo y el programa Alimentario PAMI. Cabe destacar que este mes se deposita, junto con los haberes mensuales, el bono de 5000 pesos para titulares previsionales. As\u00ed, las personas que considerando la suma de [&hellip;]<\/p>\n","protected":false},"author":4,"featured_media":97782,"comment_status":"closed","ping_status":"closed","sticky":false,"template":"","format":"standard","meta":{"om_disable_all_campaigns":false,"_jetpack_memberships_contains_paid_content":false,"footnotes":""},"categories":[101,2],"tags":[],"class_list":["post-97843","post","type-post","status-publish","format-standard","has-post-thumbnail","hentry","category-interes-general-locales","category-locales"],"aioseo_notices":[],"gutentor_comment":0,"jetpack_featured_media_url":"https:\/\/eldiariodesanpedro.com.ar\/sitio\/wp-content\/uploads\/2021\/08\/anses-nuevo-640x480-1.png","jetpack_shortlink":"https:\/\/wp.me\/p6RhLt-ps7","jetpack_sharing_enabled":true,"_links":{"self":[{"href":"https:\/\/eldiariodesanpedro.com.ar\/sitio\/wp-json\/wp\/v2\/posts\/97843","targetHints":{"allow":["GET"]}}],"collection":[{"href":"https:\/\/eldiariodesanpedro.com.ar\/sitio\/wp-json\/wp\/v2\/posts"}],"about":[{"href":"https:\/\/eldiariodesanpedro.com.ar\/sitio\/wp-json\/wp\/v2\/types\/post"}],"author":[{"embeddable":true,"href":"https:\/\/eldiariodesanpedro.com.ar\/sitio\/wp-json\/wp\/v2\/users\/4"}],"replies":[{"embeddable":true,"href":"https:\/\/eldiariodesanpedro.com.ar\/sitio\/wp-json\/wp\/v2\/comments?post=97843"}],"version-history":[{"count":1,"href":"https:\/\/eldiariodesanpedro.com.ar\/sitio\/wp-json\/wp\/v2\/posts\/97843\/revisions"}],"predecessor-version":[{"id":97844,"href":"https:\/\/eldiariodesanpedro.com.ar\/sitio\/wp-json\/wp\/v2\/posts\/97843\/revisions\/97844"}],"wp:featuredmedia":[{"embeddable":true,"href":"https:\/\/eldiariodesanpedro.com.ar\/sitio\/wp-json\/wp\/v2\/media\/97782"}],"wp:attachment":[{"href":"https:\/\/eldiariodesanpedro.com.ar\/sitio\/wp-json\/wp\/v2\/media?parent=97843"}],"wp:term":[{"taxonomy":"category","embeddable":true,"href":"https:\/\/eldiariodesanpedro.com.ar\/sitio\/wp-json\/wp\/v2\/categories?post=97843"},{"taxonomy":"post_tag","embeddable":true,"href":"https:\/\/eldiariodesanpedro.com.ar\/sitio\/wp-json\/wp\/v2\/tags?post=97843"}],"curies":[{"name":"wp","href":"https:\/\/api.w.org\/{rel}","templated":true}]}}